{"id":27,"date":"2018-02-12T21:46:52","date_gmt":"2018-02-12T21:46:52","guid":{"rendered":"http:\/\/tiketa.salesgull.pt\/blog\/?p=27"},"modified":"2026-08-06T13:47:38","modified_gmt":"2026-08-06T13:47:38","slug":"etiquetas-personalizadas-com-o-nome-html","status":"publish","type":"post","link":"https:\/\/tiketa.pt\/blog\/etiquetas-personalizadas-com-o-nome-html\/","title":{"rendered":"Etiquetas personalizadas com o nome: para que servem e como escolher"},"content":{"rendered":"\n<p>As <strong>etiquetas personalizadas com o nome<\/strong> ajudam a identificar roupa, objetos, cal\u00e7ado, mochilas e outros pertences do dia a dia. S\u00e3o especialmente \u00fateis em locais onde v\u00e1rias pessoas usam artigos semelhantes, como escolas, creches, atividades desportivas, lares, hospitais ou locais de trabalho.<\/p>\n\n  <p>No entanto, nem todas as etiquetas servem para o mesmo fim. A melhor escolha depende sobretudo do <strong>material e da superf\u00edcie que pretende identificar<\/strong>.<\/p>\n\n\n\n<div class=\"tiketa-conversion-article\">\n\n  <div class=\"tiketa-hero-box\">\n    <span class=\"tiketa-label\">Escolha r\u00e1pida<\/span>\n\n    <h2>Que etiqueta personalizada deve escolher?<\/h2>\n\n    <p>Para acertar \u00e0 primeira, comece por perceber onde pretende colocar a identifica\u00e7\u00e3o:<\/p>\n\n    <ul>\n      <li><strong>Roupa e tecidos:<\/strong> etiquetas termoaderentes.<\/li>\n      <li><strong>Objetos lisos e n\u00e3o t\u00eaxteis:<\/strong> autocolantes com o nome.<\/li>\n      <li><strong>Cal\u00e7ado:<\/strong> autocolantes para objetos ou formatos pr\u00f3prios para cal\u00e7ado.<\/li>\n      <li><strong>Mochilas e sacos:<\/strong> identificadores, quando n\u00e3o pretende colar diretamente.<\/li>\n      <li><strong>Meias:<\/strong> bolinhas termoaderentes para agrupar os pares.<\/li>\n      <li><strong>Batas e bibes:<\/strong> termoaderentes regulares ou etiquetas espec\u00edficas para um nome grande e vis\u00edvel no peito.<\/li>\n    <\/ul>\n\n    <p><strong>Regra principal:<\/strong> escolha a solu\u00e7\u00e3o de acordo com a superf\u00edcie, e n\u00e3o apenas pelo tamanho ou pelo desenho da etiqueta.<\/p>\n  <\/div>\n\n  <h2>Como escolher a etiqueta certa?<\/h2>\n\n  <p>Esta tabela resume as solu\u00e7\u00f5es mais indicadas para as utiliza\u00e7\u00f5es mais frequentes:<\/p>\n\n  <div class=\"wp-block-table\">\n    <table>\n      <thead>\n        <tr>\n          <th>O que pretende identificar<\/th>\n          <th>Solu\u00e7\u00e3o indicada<\/th>\n          <th>O que deve saber<\/th>\n        <\/tr>\n      <\/thead>\n      <tbody>\n        <tr>\n          <td>Roupa, casacos, uniformes, toalhas e sacos de tecido<\/td>\n          <td>Etiquetas termoaderentes<\/td>\n          <td>S\u00e3o aplicadas com calor diretamente no tecido.<\/td>\n        <\/tr>\n        <tr>\n          <td>Garrafas, lancheiras, caixas, livros, cadernos e material escolar<\/td>\n          <td>Autocolantes com o nome<\/td>\n          <td>Devem ser aplicados numa superf\u00edcie lisa, limpa, seca e n\u00e3o t\u00eaxtil.<\/td>\n        <\/tr>\n        <tr>\n          <td>Sapatos, sapatilhas e pantufas<\/td>\n          <td>Autocolantes para objetos ou formatos pr\u00f3prios para cal\u00e7ado<\/td>\n          <td>Preferir uma palmilha lisa e n\u00e3o t\u00eaxtil.<\/td>\n        <\/tr>\n        <tr>\n          <td>Mochilas, sacos e malas<\/td>\n          <td>Identificadores<\/td>\n          <td>S\u00e3o uma alternativa pr\u00e1tica quando n\u00e3o se pretende colar diretamente no objeto.<\/td>\n        <\/tr>\n        <tr>\n          <td>Pares de meias<\/td>\n          <td>Bolinhas termoaderentes<\/td>\n          <td>Servem para agrupar os pares depois da lavagem; n\u00e3o s\u00e3o personalizadas com o nome.<\/td>\n        <\/tr>\n        <tr>\n          <td>Batas e bibes<\/td>\n          <td>Termoaderente regular ou etiqueta espec\u00edfica para batas<\/td>\n          <td>A regular permite uma identifica\u00e7\u00e3o discreta; a etiqueta pr\u00f3pria permite colocar um nome grande no peito.<\/td>\n        <\/tr>\n      <\/tbody>\n    <\/table>\n  <\/div>\n\n  <h2>Etiquetas termoaderentes para roupa e tecidos<\/h2>\n\n  <p>Para camisolas, casacos, cal\u00e7as, batas, uniformes, toalhas, mantas, sacos de pano e outras pe\u00e7as t\u00eaxteis, a solu\u00e7\u00e3o mais indicada s\u00e3o as <strong>etiquetas termoaderentes<\/strong>.<\/p>\n\n  <p>Estas etiquetas s\u00e3o aplicadas com calor e ficam ligadas ao tecido. Por isso, n\u00e3o devem ser confundidas com os autocolantes usados em objetos.<\/p>\n\n  <p>Existem v\u00e1rios tamanhos, que podem ser escolhidos de acordo com o espa\u00e7o dispon\u00edvel e com a quantidade de informa\u00e7\u00e3o que pretende imprimir.<\/p>\n\n<p>Quem est\u00e1 a escolher uma forma de identificar roupa pode tamb\u00e9m considerar uma impress\u00e3o feita diretamente no tecido. Para perceber as diferen\u00e7as de aplica\u00e7\u00e3o, legibilidade, utiliza\u00e7\u00e3o em roupa clara e escura e capacidade para identificar os restantes pertences, consulte a nossa compara\u00e7\u00e3o entre <a href=\"https:\/\/tiketa.pt\/blog\/carimbo-ou-etiquetas-para-roupa\/\">carimbo e etiquetas para roupa<\/a>.<\/p>\n\n\n  <div class=\"tiketa-highlight-box\">\n    <p><strong>Precisa de saber como aplicar?<\/strong> Consulte o nosso guia t\u00e9cnico sobre <a href=\"https:\/\/tiketa.pt\/blog\/etiquetas-termoaderentes-conheca-3-vantagens\/\">etiquetas termoaderentes, aplica\u00e7\u00e3o, resist\u00eancia e erros a evitar<\/a>.<\/p>\n  <\/div>\n\n  <div class=\"tiketa-button-row\">\n    <a class=\"tiketa-btn\" href=\"https:\/\/tiketa.pt\/etiquetas-personalizadas-para-roupa\/\">Ver etiquetas para roupa<\/a>\n  <\/div>\n\n  <h2>Autocolantes com o nome para objetos<\/h2>\n\n  <p>Os autocolantes s\u00e3o indicados para objetos com uma superf\u00edcie <strong>lisa, limpa, seca e n\u00e3o t\u00eaxtil<\/strong>.<\/p>\n\n  <p>Podem ser usados, por exemplo, em:<\/p>\n\n  <ul>\n    <li>garrafas de \u00e1gua;<\/li>\n    <li>lancheiras e caixas de alimentos;<\/li>\n    <li>copos, biber\u00f5es e utens\u00edlios;<\/li>\n    <li>livros e cadernos;<\/li>\n    <li>estojos e caixas;<\/li>\n    <li>l\u00e1pis, canetas e marcadores;<\/li>\n    <li>brinquedos e acess\u00f3rios;<\/li>\n    <li>outros objetos de uso pessoal.<\/li>\n  <\/ul>\n\n  <p>As superf\u00edcies rugosas, porosas, h\u00famidas, oleosas ou t\u00eaxteis podem comprometer a ader\u00eancia. Antes de aplicar, \u00e9 importante limpar e secar bem o local.<\/p>\n\n  <div class=\"tiketa-highlight-box\">\n    <p><strong>Quer aprender a aplicar corretamente?<\/strong> Veja o guia sobre <a href=\"https:\/\/tiketa.pt\/blog\/autocolantes-com-o-nome-aplicar\/\">onde usar autocolantes com o nome, como aplicar e que erros evitar<\/a>.<\/p>\n  <\/div>\n\n  <h2>Que etiquetas usar no cal\u00e7ado?<\/h2>\n\n<p>Os autocolantes usados nos objetos tamb\u00e9m podem ser colocados no interior de sapatos, sapatilhas ou pantufas. N\u00e3o existe uma diferen\u00e7a t\u00e9cnica de material entre esses autocolantes e os formatos espec\u00edficos para cal\u00e7ado.<\/p>\n\n<p>A principal diferen\u00e7a est\u00e1 no desenho:<\/p>\n\n<ul>\n  <li>os formatos semicirculares podem adaptar-se melhor \u00e0 zona do calcanhar;<\/li>\n  <li>os formatos de pezinhos podem ajudar as crian\u00e7as mais pequenas a distinguir o sapato direito do esquerdo.<\/li>\n<\/ul>\n\n<p>Em qualquer dos casos, a etiqueta deve ser aplicada preferencialmente numa <strong>palmilha lisa e n\u00e3o t\u00eaxtil<\/strong>. Palmilhas com tecido, malha ou acabamento t\u00eaxtil podem reduzir a ader\u00eancia. Consulte tamb\u00e9m o guia sobre <a href=\"https:\/\/tiketa.pt\/blog\/etiquetas-para-calcado-com-o-nome\/\">como aplicar etiquetas para cal\u00e7ado e que cuidados ter<\/a>.<\/p>\n\n<div class=\"tiketa-highlight-box\">\n  <p><strong>Aten\u00e7\u00e3o:<\/strong> a lavagem do cal\u00e7ado na m\u00e1quina de lavar roupa aumenta o risco de descolamento. Por esse motivo, n\u00e3o deve ser assumida a mesma resist\u00eancia que existe num objeto lavado na m\u00e1quina de lavar loi\u00e7a.<\/p>\n<\/div>\n  <h2>Identificadores para mochilas e sacos<\/h2>\n\n<p>Nas mochilas, sacos de desporto, malas de viagem e lancheiras com pega, pode ser mais pr\u00e1tico utilizar um <strong>identificador<\/strong>.<\/p>\n\n<p>Esta solu\u00e7\u00e3o permite colocar o nome sem colar diretamente no tecido ou no revestimento da mochila. Tamb\u00e9m facilita a identifica\u00e7\u00e3o visual quando existem v\u00e1rias mochilas semelhantes no mesmo espa\u00e7o. Veja tamb\u00e9m o guia sobre <a href=\"https:\/\/tiketa.pt\/blog\/identificadores-de-mochila\/\">como escolher e usar identificadores de mochila<\/a>.<\/p>\n\n<p>Os identificadores podem incluir o nome da crian\u00e7a e, quando necess\u00e1rio, um n\u00famero de contacto. No entanto, conv\u00e9m ponderar a informa\u00e7\u00e3o que ficar\u00e1 vis\u00edvel, sobretudo quando a mochila \u00e9 usada em espa\u00e7os p\u00fablicos.<\/p>\n  <h2>Bolinhas termoaderentes para agrupar pares de meias<\/h2>\n\n<p>As bolinhas termoaderentes para meias t\u00eam uma fun\u00e7\u00e3o diferente das etiquetas personalizadas com o nome.<\/p>\n\n<p>S\u00e3o aplicadas duas bolinhas iguais, uma em cada meia do mesmo par. Depois da lavagem, basta juntar as meias que t\u00eam a mesma combina\u00e7\u00e3o. Consulte tamb\u00e9m o guia sobre <a href=\"https:\/\/tiketa.pt\/blog\/como-identificar-os-pares-de-meias-depois-da-lavagem\/\">como identificar os pares de meias depois da lavagem<\/a>.<\/p>\n\n<p><strong>As bolinhas n\u00e3o s\u00e3o personalizadas com o nome<\/strong> e n\u00e3o servem para identificar o propriet\u00e1rio. A sua fun\u00e7\u00e3o \u00e9 apenas facilitar a organiza\u00e7\u00e3o e evitar que os pares se misturem.<\/p>\n  <h2>Que etiqueta usar numa bata ou num bibe?<\/h2>\n\n<p>A escolha depende do tipo de identifica\u00e7\u00e3o pretendida:<\/p>\n\n<ul>\n  <li><strong>Identifica\u00e7\u00e3o discreta:<\/strong> pode aplicar uma etiqueta termoaderente regular no interior da bata.<\/li>\n  <li><strong>Nome grande e vis\u00edvel:<\/strong> deve escolher uma etiqueta espec\u00edfica para batas ou bibes, pensada para ficar junto ao peito.<\/li>\n<\/ul>\n\n<p>A segunda op\u00e7\u00e3o \u00e9 especialmente \u00fatil no in\u00edcio do ano, quando educadoras, auxiliares e professores ainda est\u00e3o a aprender os nomes das crian\u00e7as. Consulte tamb\u00e9m o guia sobre <a href=\"https:\/\/tiketa.pt\/blog\/nomes-para-batas-escolares-qual-a-melhor-solucao\/\">qual a melhor solu\u00e7\u00e3o para colocar o nome nas batas escolares<\/a>.<\/p>\n\n<div class=\"tiketa-button-row\">\n  <a class=\"tiketa-btn\" href=\"https:\/\/tiketa.pt\/etiquetas-termoaderentes-para-batas-bibes.html\">Ver etiquetas para batas e bibes<\/a>\n<\/div>\n  <h2>Onde s\u00e3o mais \u00fateis as etiquetas personalizadas?<\/h2>\n\n  <h3>Na escola e nas atividades<\/h3>\n\n  <p>Na escola, no ATL, no desporto, em acampamentos ou noutras atividades, \u00e9 frequente existirem casacos, garrafas, estojos, mochilas e materiais muito semelhantes.<\/p>\n\n  <p>Identificar estes artigos reduz o risco de trocas e facilita a devolu\u00e7\u00e3o quando alguma coisa fica esquecida.<\/p>\n\n  <p>Entre os artigos que pode valer a pena identificar encontram-se:<\/p>\n\n  <ul>\n    <li>mochila e lancheira;<\/li>\n    <li>garrafa de \u00e1gua;<\/li>\n    <li>casacos, camisolas e roupa de educa\u00e7\u00e3o f\u00edsica;<\/li>\n    <li>bata ou bibe;<\/li>\n    <li>livros, cadernos e estojos;<\/li>\n    <li>l\u00e1pis, canetas e marcadores;<\/li>\n    <li>sapatos, sapatilhas e pantufas;<\/li>\n    <li>chap\u00e9us, cachec\u00f3is e outros acess\u00f3rios.<\/li>\n  <\/ul>\n\n  <p>Para uma prepara\u00e7\u00e3o mais completa, consulte o <a href=\"https:\/\/tiketa.pt\/blog\/regresso-as-aulas\/\">Guia Tiketa para o Regresso \u00e0s Aulas<\/a>.<\/p>\n\n  <h3>Na creche e no pr\u00e9-escolar<\/h3>\n\n  <p>Na creche e no pr\u00e9-escolar, as crian\u00e7as levam diariamente v\u00e1rias pe\u00e7as de roupa, recipientes e objetos pessoais. Como ainda nem sempre conseguem reconhecer ou guardar os seus pertences, a identifica\u00e7\u00e3o torna-se especialmente importante.<\/p>\n\n  <p>Pode ser necess\u00e1rio identificar:<\/p>\n\n  <ul>\n    <li>mudas de roupa;<\/li>\n    <li>casacos e babetes;<\/li>\n    <li>biber\u00f5es, copos e recipientes;<\/li>\n    <li>chupetas e caixas;<\/li>\n    <li>mantas e objetos de conforto;<\/li>\n    <li>sacos e mochilas;<\/li>\n    <li>cal\u00e7ado e pantufas.<\/li>\n  <\/ul>\n\n  <h3>Em lares, hospitais e centros de dia<\/h3>\n\n  <p>As etiquetas personalizadas tamb\u00e9m s\u00e3o \u00fateis para adultos, sobretudo quando a roupa e os objetos pessoais passam por lavandarias, quartos partilhados ou diferentes equipas de cuidados.<\/p>\n\n  <p>Nestes contextos, a identifica\u00e7\u00e3o pode ser feita com o nome completo, o primeiro e \u00faltimo nome, iniciais ou outra refer\u00eancia indicada pela institui\u00e7\u00e3o.<\/p>\n\n  <div class=\"tiketa-button-row\">\n    <a class=\"tiketa-btn\" href=\"https:\/\/tiketa.pt\/etiquetas-para-lares-de-idosos\">Ver etiquetas para lares e institui\u00e7\u00f5es<\/a>\n  <\/div>\n\n  <h3>No trabalho e em uniformes profissionais<\/h3>\n\n  <p>Fardas, batas, casacos, aventais, toalhas e outros artigos profissionais tamb\u00e9m podem ser identificados, sobretudo quando s\u00e3o lavados em conjunto ou usados por equipas numerosas.<\/p>\n\n  <h2>Que informa\u00e7\u00e3o colocar numa etiqueta personalizada?<\/h2>\n\n<p>A informa\u00e7\u00e3o mais indicada depende da idade, do contexto e do espa\u00e7o dispon\u00edvel.<\/p>\n\n<p>Pode utilizar:<\/p>\n\n<ul>\n  <li>apenas o primeiro nome;<\/li>\n  <li>nome e apelido;<\/li>\n  <li>iniciais;<\/li>\n  <li>nome e turma;<\/li>\n  <li>nome e n\u00famero de contacto;<\/li>\n  <li>n\u00famero de quarto, processo ou outra refer\u00eancia interna, quando solicitado por uma institui\u00e7\u00e3o.<\/li>\n<\/ul>\n\n<p>Para escolher os dados mais adequados em cada situa\u00e7\u00e3o, consulte tamb\u00e9m o guia sobre <a href=\"https:\/\/tiketa.pt\/blog\/que-informac-o-colocar-nas-tiketas-html\/\">que informa\u00e7\u00e3o colocar nas etiquetas personalizadas<\/a>.<\/p>\n\n<div class=\"tiketa-soft-box\">\n  <p><strong>Dica:<\/strong> para crian\u00e7as pequenas, uma combina\u00e7\u00e3o simples de nome, cor e desenho pode facilitar o reconhecimento. Em objetos usados fora da escola, evite expor informa\u00e7\u00e3o pessoal desnecess\u00e1ria.<\/p>\n<\/div>\n  <h2>Erros frequentes ao escolher etiquetas<\/h2>\n\n  <p>Grande parte dos problemas n\u00e3o resulta da qualidade da etiqueta, mas da escolha de um formato inadequado para a superf\u00edcie.<\/p>\n\n  <ul>\n    <li>Usar autocolantes diretamente em tecidos.<\/li>\n    <li>Aplicar uma termoaderente num objeto r\u00edgido.<\/li>\n    <li>Colar um autocolante numa superf\u00edcie rugosa, h\u00famida ou oleosa.<\/li>\n    <li>Usar uma etiqueta demasiado grande para o espa\u00e7o dispon\u00edvel.<\/li>\n    <li>Confundir as bolinhas para meias com etiquetas personalizadas com o nome.<\/li>\n    <li>Escolher uma identifica\u00e7\u00e3o discreta para uma bata quando o objetivo \u00e9 tornar o nome vis\u00edvel no peito.<\/li>\n    <li>Aplicar autocolantes numa palmilha t\u00eaxtil e esperar a mesma ader\u00eancia de uma superf\u00edcie lisa.<\/li>\n  <\/ul>\n\n  <div class=\"tiketa-trust-box\">\n    <h2>Escolha sempre pela superf\u00edcie<\/h2>\n\n    <p>Uma boa identifica\u00e7\u00e3o n\u00e3o depende apenas do nome ou do desenho impresso. Depende sobretudo de escolher o formato adequado ao material, ao espa\u00e7o dispon\u00edvel e \u00e0 forma como o artigo ser\u00e1 usado.<\/p>\n\n    <p>Depois de escolher, siga sempre as instru\u00e7\u00f5es de aplica\u00e7\u00e3o e aguarde <strong>24 horas antes da primeira lavagem<\/strong>, tanto nas etiquetas termoaderentes como nos autocolantes.<\/p>\n  <\/div>\n<h2>As etiquetas duram o ano letivo inteiro?<\/h2>\n\n<p>Uma etiqueta adequada \u00e0 superf\u00edcie e corretamente aplicada pode permanecer em boas condi\u00e7\u00f5es durante todo o ano letivo. No entanto, a dura\u00e7\u00e3o n\u00e3o \u00e9 igual em todos os artigos e depende do tipo de etiqueta, da aplica\u00e7\u00e3o, da superf\u00edcie e da intensidade de utiliza\u00e7\u00e3o.<\/p>\n\n<h3>Etiquetas termoaderentes na roupa<\/h3>\n\n<p>Quando s\u00e3o aplicadas corretamente, com calor suficiente e respeitando as instru\u00e7\u00f5es, as etiquetas termoaderentes ficam ligadas ao tecido e foram concebidas para acompanhar as lavagens regulares da roupa.<\/p>\n\n<p>A sua dura\u00e7\u00e3o pode ser afetada quando:<\/p>\n\n<ul>\n<li>o ferro n\u00e3o atinge a temperatura necess\u00e1ria;<\/li>\n<li>a press\u00e3o ou o tempo de aplica\u00e7\u00e3o s\u00e3o insuficientes;<\/li>\n<li>a etiqueta \u00e9 colocada numa zona inadequada;<\/li>\n<li>a pe\u00e7a \u00e9 lavada antes de decorrerem 24 horas;<\/li>\n<li>a extremidade n\u00e3o fica completamente aderida ao tecido.<\/li>\n<\/ul>\n\n<p>Se uma etiqueta come\u00e7ar a levantar numa ponta, n\u00e3o deve ser puxada. Em muitos casos, pode ser novamente protegida com o papel de aplica\u00e7\u00e3o e refor\u00e7ada com o ferro.<\/p>\n\n<h3>Autocolantes em objetos<\/h3>\n\n<p>Os autocolantes podem acompanhar durante muito tempo garrafas, lancheiras, caixas, livros, cadernos e outros objetos, desde que sejam aplicados numa superf\u00edcie lisa, limpa, seca e n\u00e3o t\u00eaxtil.<\/p>\n\n<p>A ader\u00eancia pode ser comprometida por superf\u00edcies rugosas, porosas, oleosas ou h\u00famidas, pela aplica\u00e7\u00e3o sobre tecido ou por lavagens realizadas antes de decorrerem 24 horas.<\/p>\n\n<p>Nos objetos sujeitos a lavagens frequentes, calor ou manuseamento intenso, a dura\u00e7\u00e3o tamb\u00e9m depende da superf\u00edcie e da forma como o artigo \u00e9 utilizado.<\/p>\n\n<h3>Etiquetas no cal\u00e7ado<\/h3>\n\n<p>No cal\u00e7ado existe mais atrito, transpira\u00e7\u00e3o e movimento do que na maioria dos objetos. Por isso, a zona escolhida para a aplica\u00e7\u00e3o tem especial import\u00e2ncia.<\/p>\n\n<p>Os autocolantes devem ser colocados preferencialmente numa parte lisa e n\u00e3o t\u00eaxtil da palmilha. Uma palmilha em tecido, muito rugosa ou sujeita a lavagem na m\u00e1quina pode reduzir a ader\u00eancia.<\/p>\n\n<h3>\u00c9 necess\u00e1rio substituir etiquetas durante o ano?<\/h3>\n\n<p>Nem sempre. A maior parte das etiquetas permanece leg\u00edvel e bem aplicada durante todo o ano letivo. Ainda assim, \u00e9 aconselh\u00e1vel verificar periodicamente os artigos mais usados, sobretudo cal\u00e7ado, garrafas, lancheiras, roupa desportiva e objetos sujeitos a lavagens frequentes.<\/p>\n\n<p>Tamb\u00e9m pode ser necess\u00e1rio aplicar novas etiquetas quando:<\/p>\n\n<ul>\n<li>a crian\u00e7a come\u00e7a a utilizar roupa ou cal\u00e7ado de outro tamanho;<\/li>\n<li>um objeto \u00e9 substitu\u00eddo ou acrescentado ao longo do ano;<\/li>\n<li>uma pe\u00e7a passa de um irm\u00e3o para outro;<\/li>\n<li>a identifica\u00e7\u00e3o deixa de estar leg\u00edvel;<\/li>\n<li>a superf\u00edcie ou a utiliza\u00e7\u00e3o provocam desgaste excecional.<\/li>\n<\/ul>\n\n<div class=\"tiketa-box tiketa-box-yellow\">\n<p><strong>Em resumo:<\/strong> as etiquetas podem durar o ano letivo inteiro, mas n\u00e3o existe uma dura\u00e7\u00e3o igual para todos os artigos. A escolha do formato certo, a aplica\u00e7\u00e3o correta e o respeito pelas primeiras 24 horas s\u00e3o decisivos para obter a melhor resist\u00eancia.<\/p>\n<\/div>\n\n<p>Para instru\u00e7\u00f5es mais detalhadas, consulte os nossos guias sobre <a href=\"https:\/\/tiketa.pt\/blog\/etiquetas-termoaderentes-conheca-3-vantagens\/\">aplica\u00e7\u00e3o e resist\u00eancia das etiquetas termoaderentes<\/a> e sobre <a href=\"https:\/\/tiketa.pt\/blog\/autocolantes-com-o-nome-aplicar\/\">aplica\u00e7\u00e3o de autocolantes com o nome<\/a>.<\/p>\n  <h2>Vale a pena escolher um Kit Poupan\u00e7a?<\/h2>\n\n  <p>Quando precisa de identificar v\u00e1rios tipos de artigos (por exemplo, roupa, material escolar, cal\u00e7ado e mochila) pode ser mais simples escolher um <strong>Kit Poupan\u00e7a<\/strong>.<\/p>\n\n  <p>Os kits combinam diferentes formatos e s\u00e3o especialmente \u00fateis na prepara\u00e7\u00e3o da creche, do pr\u00e9-escolar ou do regresso \u00e0s aulas.<\/p>\n\n  <div class=\"tiketa-button-row\">\n    <a class=\"tiketa-btn\" href=\"https:\/\/tiketa.pt\/kits-poupanca\/kits-regresso-as-aulas\/\">Ver Kits Poupan\u00e7a<\/a>\n    <a class=\"tiketa-btn secondary\" href=\"https:\/\/tiketa.pt\/\">Ver todas as etiquetas Tiketa<\/a>\n  <\/div>\n\n  <h2>Perguntas frequentes sobre etiquetas personalizadas<\/h2>\n\n  \n<\/div>\n\n\n\n<div class=\"schema-faq wp-block-yoast-faq-block\"><div class=\"schema-faq-section\" id=\"faq-question-1783886569188\"><strong class=\"schema-faq-question\"><strong>O que s\u00e3o etiquetas personalizadas com o nome?<\/strong><\/strong> <p class=\"schema-faq-answer\">S\u00e3o solu\u00e7\u00f5es de identifica\u00e7\u00e3o impressas com o nome ou outra refer\u00eancia de uma pessoa. Podem existir em diferentes formatos para roupa, objetos, cal\u00e7ado, mochilas e outros pertences.<\/p> <\/div> <div class=\"schema-faq-section\" id=\"faq-question-1783886735416\"><strong class=\"schema-faq-question\"><strong>Para que servem as etiquetas personalizadas?<\/strong><\/strong> <p class=\"schema-faq-answer\">Servem para identificar pertences e reduzir perdas, trocas e confus\u00f5es. S\u00e3o \u00fateis na escola, creche, ATL, atividades desportivas, lares, hospitais, centros de dia e locais de trabalho.<\/p> <\/div> <div class=\"schema-faq-section\" id=\"faq-question-1783886760100\"><strong class=\"schema-faq-question\"><strong>Que etiquetas devo usar na roupa?<\/strong><\/strong> <p class=\"schema-faq-answer\">Para roupa e outros tecidos, o mais indicado s\u00e3o etiquetas termoaderentes, aplicadas com calor. Foram pensadas para identificar camisolas, casacos, uniformes, toalhas, batas, mantas e sacos de pano.<\/p> <\/div> <div class=\"schema-faq-section\" id=\"faq-question-1783886786285\"><strong class=\"schema-faq-question\"><strong>Que etiquetas devo usar em garrafas, lancheiras e material escolar<\/strong>?<\/strong> <p class=\"schema-faq-answer\">Para garrafas, lancheiras, caixas, livros, cadernos, estojos e material escolar, deve usar autocolantes, aplicados numa superf\u00edcie lisa, limpa, seca e n\u00e3o t\u00eaxtil.<\/p> <\/div> <div class=\"schema-faq-section\" id=\"faq-question-1783886815517\"><strong class=\"schema-faq-question\"><strong>Posso usar autocolantes normais no cal\u00e7ado?<\/strong><\/strong> <p class=\"schema-faq-answer\">Sim. Os autocolantes para objetos tamb\u00e9m podem ser usados no interior do cal\u00e7ado. Os formatos espec\u00edficos para sapatos usam os mesmos materiais, mas podem adaptar-se melhor ao espa\u00e7o ou ajudar a crian\u00e7a a distinguir o p\u00e9 direito do esquerdo. A aplica\u00e7\u00e3o deve ser feita preferencialmente numa palmilha lisa e n\u00e3o t\u00eaxtil.<\/p> <\/div> <div class=\"schema-faq-section\" id=\"faq-question-1783886865008\"><strong class=\"schema-faq-question\"><strong>Que etiqueta devo usar numa bata ou num bibe?<\/strong><\/strong> <p class=\"schema-faq-answer\">Para uma identifica\u00e7\u00e3o discreta, pode usar uma etiqueta termoaderente regular no interior. Quando se pretende um nome grande e vis\u00edvel junto ao peito, o mais indicado \u00e9 uma etiqueta espec\u00edfica para batas e bibes.<\/p> <\/div> <div class=\"schema-faq-section\" id=\"faq-question-1783886892935\"><strong class=\"schema-faq-question\"><strong>As bolinhas para meias s\u00e3o personalizadas com o nome?<\/strong><\/strong> <p class=\"schema-faq-answer\">N\u00e3o. As bolinhas termoaderentes servem para agrupar os pares de meias depois da lavagem. Aplica-se a mesma combina\u00e7\u00e3o nas duas meias do par, mas n\u00e3o \u00e9 impresso o nome da pessoa<\/p> <\/div> <div class=\"schema-faq-section\" id=\"faq-question-1783886916785\"><strong class=\"schema-faq-question\"><strong>As etiquetas personalizadas s\u00e3o \u00fateis na creche?<\/strong><\/strong> <p class=\"schema-faq-answer\">Sim. Na creche, ajudam a identificar roupa, mudas, biber\u00f5es, copos, chupetas, mantas, sacos, objetos de conforto e outros pertences da crian\u00e7a<\/p> <\/div> <div class=\"schema-faq-section\" id=\"faq-question-1783886941552\"><strong class=\"schema-faq-question\"><strong>As etiquetas personalizadas tamb\u00e9m servem para lares?<\/strong><\/strong> <p class=\"schema-faq-answer\">Sim. Em lares, centros de dia, hospitais e unidades de cuidados continuados, ajudam a identificar roupa e objetos pessoais e a reduzir o risco de trocas ou perdas.<\/p> <\/div> <div class=\"schema-faq-section\" id=\"faq-question-1783886964835\"><strong class=\"schema-faq-question\"><strong>Como escolher o melhor tipo de etiqueta?<\/strong><\/strong> <p class=\"schema-faq-answer\">Escolha de acordo com a superf\u00edcie: termoaderentes para roupa, autocolantes para objetos lisos e cal\u00e7ado, identificadores para mochilas e sacos, bolinhas termoaderentes para agrupar meias e formatos pr\u00f3prios para batas quando o nome deve ficar grande e vis\u00edvel.<\/p> <\/div> <div class=\"schema-faq-section\" id=\"faq-question-1783886986452\"><strong class=\"schema-faq-question\"><strong>Quanto tempo devo esperar antes da primeira lavagem?<\/strong><\/strong> <p class=\"schema-faq-answer\">Deve aguardar 24 horas antes da primeira lavagem, tanto nas etiquetas termoaderentes como nos autocolantes. Este per\u00edodo permite estabilizar a liga\u00e7\u00e3o ao tecido ou desenvolver a ader\u00eancia completa \u00e0 superf\u00edcie.<\/p> <\/div> <div class=\"schema-faq-section\" id=\"faq-question-1785257002126\"><strong class=\"schema-faq-question\">As etiquetas duram o ano letivo inteiro?<\/strong> <p class=\"schema-faq-answer\">Podem durar todo o ano letivo quando s\u00e3o escolhidas de acordo com a superf\u00edcie, aplicadas corretamente e utilizadas nas condi\u00e7\u00f5es adequadas. A dura\u00e7\u00e3o varia conforme o tipo de etiqueta, o artigo, a frequ\u00eancia de lavagem, o atrito e a intensidade de utiliza\u00e7\u00e3o, sendo recomend\u00e1vel verificar periodicamente os objetos mais usados.<\/p> <\/div> <\/div>\n\n\n\n<div class=\"tiketa-cta-box\">\n  <h2>Ainda n\u00e3o sabe por onde come\u00e7ar?<\/h2>\n\n  <p>Fa\u00e7a primeiro uma lista do que precisa de identificar e separe os artigos por tipo de superf\u00edcie: roupa, objetos, cal\u00e7ado, mochilas ou sacos. Depois, escolha uma solu\u00e7\u00e3o adequada para cada grupo.<\/p>\n\n  <p>Escolha etiquetas termoaderentes para roupa, consulte as solu\u00e7\u00f5es autocolantes para objetos ou compare os Kits Poupan\u00e7a quando precisa de v\u00e1rios formatos.<\/p>\n\n  <div class=\"tiketa-button-row center\">\n    <a class=\"tiketa-btn\" href=\"https:\/\/tiketa.pt\/etiquetas-personalizadas-para-roupa\/\">Ver etiquetas para roupa<\/a>\n    <a class=\"tiketa-btn\" href=\"https:\/\/tiketa.pt\/blog\/autocolantes-com-o-nome-aplicar\/\">Escolher autocolantes para objetos<\/a>\n    <a class=\"tiketa-btn secondary\" href=\"https:\/\/tiketa.pt\/kits-poupanca\/kits-regresso-as-aulas\/\">Comparar Kits Poupan\u00e7a<\/a>\n  <\/div>\n<\/div>\n\n<div class=\"tiketa-soft-box\">\n  <h2>Guias relacionados<\/h2>\n\n  <ul>\n    <li><a href=\"https:\/\/tiketa.pt\/blog\/etiquetas-termoaderentes-conheca-3-vantagens\/\">Etiquetas termoaderentes: o que s\u00e3o, vantagens e quando usar<\/a><\/li>\n    <li><a href=\"https:\/\/tiketa.pt\/blog\/autocolantes-com-o-nome-aplicar\/\">Autocolantes com o nome: onde usar, como aplicar e que erros evitar<\/a><\/li>\n    <li><a href=\"https:\/\/tiketa.pt\/blog\/regresso-as-aulas\/\">Guia completo para o Regresso \u00e0s Aulas<\/a><\/li>\n    <li><a href=\"https:\/\/tiketa.pt\/blog\/que-informac-o-colocar-nas-tiketas-html\/\">Que informa\u00e7\u00e3o colocar nas etiquetas personalizadas<\/a><\/li>\n  <\/ul>\n<\/div>\n","protected":false},"excerpt":{"rendered":"<p>As etiquetas personalizadas com o nome ajudam a identificar roupa, objetos, cal\u00e7ado, mochilas e outros pertences do dia a dia. S\u00e3o especialmente \u00fateis em locais onde v\u00e1rias pessoas usam artigos &#8230; <a title=\"Etiquetas personalizadas com o nome: para que servem e como escolher\" class=\"read-more\" href=\"https:\/\/tiketa.pt\/blog\/etiquetas-personalizadas-com-o-nome-html\/\" aria-label=\"Leia mais sobre Etiquetas personalizadas com o nome: para que servem e como escolher\">Ler mais<\/a><\/p>\n","protected":false},"author":9,"featured_media":28,"comment_status":"closed","ping_status":"open","sticky":false,"template":"","format":"standard","meta":{"footnotes":""},"categories":[98],"tags":[75,76,77],"class_list":["post-27","post","type-post","status-publish","format-standard","has-post-thumbnail","hentry","category-etiquetas-personalizadas-para-roupa-e-objetos","tag-etiquetas-personalizadas-com-o-nome","tag-para-que-servem-as-etiquetas-personalizadas-com-o-nome","tag-tudo-sobre-etiquetas-personalizadas-com-o-nome"],"yoast_head":"<!-- This site is optimized with the Yoast SEO plugin v28.1 - https:\/\/yoast.com\/product\/yoast-seo-wordpress\/ -->\n<title>Etiquetas personalizadas com o nome: para que servem e como escolher - Tiketa Blog<\/title>\n<meta name=\"description\" content=\"Saiba para que servem as etiquetas personalizadas com o nome, onde usar, que tipos existem e como escolher a melhor op\u00e7\u00e3o para roupa, objetos, escola, creche e lares.\" \/>\n<meta name=\"robots\" content=\"index, follow, max-snippet:-1, max-image-preview:large, max-video-preview:-1\" \/>\n<link rel=\"canonical\" href=\"https:\/\/tiketa.pt\/blog\/etiquetas-personalizadas-com-o-nome-html\/\" \/>\n<meta property=\"og:locale\" content=\"pt_PT\" \/>\n<meta property=\"og:type\" content=\"article\" \/>\n<meta property=\"og:title\" content=\"Etiquetas personalizadas com o nome: para que servem e como escolher - Tiketa Blog\" \/>\n<meta property=\"og:description\" content=\"Saiba para que servem as etiquetas personalizadas com o nome, onde usar, que tipos existem e como escolher a melhor op\u00e7\u00e3o para roupa, objetos, escola, creche e lares.\" \/>\n<meta property=\"og:url\" content=\"https:\/\/tiketa.pt\/blog\/etiquetas-personalizadas-com-o-nome-html\/\" \/>\n<meta property=\"og:site_name\" content=\"Tiketa Blog\" \/>\n<meta property=\"article:publisher\" content=\"https:\/\/www.facebook.com\/tiketa.pt\" \/>\n<meta property=\"article:published_time\" content=\"2018-02-12T21:46:52+00:00\" \/>\n<meta property=\"article:modified_time\" content=\"2026-08-06T13:47:38+00:00\" \/>\n<meta property=\"og:image\" content=\"https:\/\/tiketa.pt\/blog\/wp-content\/uploads\/2018\/02\/muitastermos.jpg\" \/>\n\t<meta property=\"og:image:width\" content=\"1000\" \/>\n\t<meta property=\"og:image:height\" content=\"759\" \/>\n\t<meta property=\"og:image:type\" content=\"image\/jpeg\" \/>\n<meta name=\"author\" content=\"Patr\u00edcia Machado\" \/>\n<meta name=\"twitter:card\" content=\"summary_large_image\" \/>\n<meta name=\"twitter:label1\" content=\"Escrito por\" \/>\n\t<meta name=\"twitter:data1\" content=\"Patr\u00edcia Machado\" \/>\n\t<meta name=\"twitter:label2\" content=\"Tempo estimado de leitura\" \/>\n\t<meta name=\"twitter:data2\" content=\"15 minutos\" \/>\n<script type=\"application\/ld+json\" class=\"yoast-schema-graph\">{\"@context\":\"https:\\\/\\\/schema.org\",\"@graph\":[{\"@type\":\"Article\",\"@id\":\"https:\\\/\\\/tiketa.pt\\\/blog\\\/etiquetas-personalizadas-com-o-nome-html\\\/#article\",\"isPartOf\":{\"@id\":\"https:\\\/\\\/tiketa.pt\\\/blog\\\/etiquetas-personalizadas-com-o-nome-html\\\/\"},\"author\":{\"name\":\"Patr\u00edcia Machado\",\"@id\":\"https:\\\/\\\/tiketa.pt\\\/blog\\\/#\\\/schema\\\/person\\\/8cdf0265b32689e8b24a21a903256b1d\"},\"headline\":\"Etiquetas personalizadas com o nome: para que servem e como escolher\",\"datePublished\":\"2018-02-12T21:46:52+00:00\",\"dateModified\":\"2026-08-06T13:47:38+00:00\",\"mainEntityOfPage\":{\"@id\":\"https:\\\/\\\/tiketa.pt\\\/blog\\\/etiquetas-personalizadas-com-o-nome-html\\\/\"},\"wordCount\":2908,\"publisher\":{\"@id\":\"https:\\\/\\\/tiketa.pt\\\/blog\\\/#organization\"},\"image\":{\"@id\":\"https:\\\/\\\/tiketa.pt\\\/blog\\\/etiquetas-personalizadas-com-o-nome-html\\\/#primaryimage\"},\"thumbnailUrl\":\"https:\\\/\\\/tiketa.pt\\\/blog\\\/wp-content\\\/uploads\\\/2018\\\/02\\\/muitastermos.jpg\",\"keywords\":[\"etiquetas personalizadas com o nome\",\"para que servem as etiquetas personalizadas com o nome\",\"tudo sobre etiquetas personalizadas com o nome\"],\"articleSection\":[\"Etiquetas para Roupa e Objetos\"],\"inLanguage\":\"pt-PT\"},{\"@type\":[\"WebPage\",\"FAQPage\"],\"@id\":\"https:\\\/\\\/tiketa.pt\\\/blog\\\/etiquetas-personalizadas-com-o-nome-html\\\/\",\"url\":\"https:\\\/\\\/tiketa.pt\\\/blog\\\/etiquetas-personalizadas-com-o-nome-html\\\/\",\"name\":\"Etiquetas personalizadas com o nome: para que servem e como escolher - Tiketa Blog\",\"isPartOf\":{\"@id\":\"https:\\\/\\\/tiketa.pt\\\/blog\\\/#website\"},\"primaryImageOfPage\":{\"@id\":\"https:\\\/\\\/tiketa.pt\\\/blog\\\/etiquetas-personalizadas-com-o-nome-html\\\/#primaryimage\"},\"image\":{\"@id\":\"https:\\\/\\\/tiketa.pt\\\/blog\\\/etiquetas-personalizadas-com-o-nome-html\\\/#primaryimage\"},\"thumbnailUrl\":\"https:\\\/\\\/tiketa.pt\\\/blog\\\/wp-content\\\/uploads\\\/2018\\\/02\\\/muitastermos.jpg\",\"datePublished\":\"2018-02-12T21:46:52+00:00\",\"dateModified\":\"2026-08-06T13:47:38+00:00\",\"description\":\"Saiba para que servem as etiquetas personalizadas com o nome, onde usar, que tipos existem e como escolher a melhor op\u00e7\u00e3o para roupa, objetos, escola, creche e lares.\",\"breadcrumb\":{\"@id\":\"https:\\\/\\\/tiketa.pt\\\/blog\\\/etiquetas-personalizadas-com-o-nome-html\\\/#breadcrumb\"},\"mainEntity\":[{\"@id\":\"https:\\\/\\\/tiketa.pt\\\/blog\\\/etiquetas-personalizadas-com-o-nome-html\\\/#faq-question-1783886569188\"},{\"@id\":\"https:\\\/\\\/tiketa.pt\\\/blog\\\/etiquetas-personalizadas-com-o-nome-html\\\/#faq-question-1783886735416\"},{\"@id\":\"https:\\\/\\\/tiketa.pt\\\/blog\\\/etiquetas-personalizadas-com-o-nome-html\\\/#faq-question-1783886760100\"},{\"@id\":\"https:\\\/\\\/tiketa.pt\\\/blog\\\/etiquetas-personalizadas-com-o-nome-html\\\/#faq-question-1783886786285\"},{\"@id\":\"https:\\\/\\\/tiketa.pt\\\/blog\\\/etiquetas-personalizadas-com-o-nome-html\\\/#faq-question-1783886815517\"},{\"@id\":\"https:\\\/\\\/tiketa.pt\\\/blog\\\/etiquetas-personalizadas-com-o-nome-html\\\/#faq-question-1783886865008\"},{\"@id\":\"https:\\\/\\\/tiketa.pt\\\/blog\\\/etiquetas-personalizadas-com-o-nome-html\\\/#faq-question-1783886892935\"},{\"@id\":\"https:\\\/\\\/tiketa.pt\\\/blog\\\/etiquetas-personalizadas-com-o-nome-html\\\/#faq-question-1783886916785\"},{\"@id\":\"https:\\\/\\\/tiketa.pt\\\/blog\\\/etiquetas-personalizadas-com-o-nome-html\\\/#faq-question-1783886941552\"},{\"@id\":\"https:\\\/\\\/tiketa.pt\\\/blog\\\/etiquetas-personalizadas-com-o-nome-html\\\/#faq-question-1783886964835\"},{\"@id\":\"https:\\\/\\\/tiketa.pt\\\/blog\\\/etiquetas-personalizadas-com-o-nome-html\\\/#faq-question-1783886986452\"},{\"@id\":\"https:\\\/\\\/tiketa.pt\\\/blog\\\/etiquetas-personalizadas-com-o-nome-html\\\/#faq-question-1785257002126\"}],\"inLanguage\":\"pt-PT\",\"potentialAction\":[{\"@type\":\"ReadAction\",\"target\":[\"https:\\\/\\\/tiketa.pt\\\/blog\\\/etiquetas-personalizadas-com-o-nome-html\\\/\"]}]},{\"@type\":\"ImageObject\",\"inLanguage\":\"pt-PT\",\"@id\":\"https:\\\/\\\/tiketa.pt\\\/blog\\\/etiquetas-personalizadas-com-o-nome-html\\\/#primaryimage\",\"url\":\"https:\\\/\\\/tiketa.pt\\\/blog\\\/wp-content\\\/uploads\\\/2018\\\/02\\\/muitastermos.jpg\",\"contentUrl\":\"https:\\\/\\\/tiketa.pt\\\/blog\\\/wp-content\\\/uploads\\\/2018\\\/02\\\/muitastermos.jpg\",\"width\":1000,\"height\":759,\"caption\":\"Etiquetas personalizadas com o nome para identificar roupa, objetos e material escolar\"},{\"@type\":\"BreadcrumbList\",\"@id\":\"https:\\\/\\\/tiketa.pt\\\/blog\\\/etiquetas-personalizadas-com-o-nome-html\\\/#breadcrumb\",\"itemListElement\":[{\"@type\":\"ListItem\",\"position\":1,\"name\":\"In\u00edcio\",\"item\":\"https:\\\/\\\/tiketa.pt\\\/blog\\\/\"},{\"@type\":\"ListItem\",\"position\":2,\"name\":\"Etiquetas para Roupa e Objetos\",\"item\":\"https:\\\/\\\/tiketa.pt\\\/blog\\\/category\\\/etiquetas-personalizadas-para-roupa-e-objetos\\\/\"},{\"@type\":\"ListItem\",\"position\":3,\"name\":\"Etiquetas personalizadas com o nome: para que servem e como escolher\"}]},{\"@type\":\"WebSite\",\"@id\":\"https:\\\/\\\/tiketa.pt\\\/blog\\\/#website\",\"url\":\"https:\\\/\\\/tiketa.pt\\\/blog\\\/\",\"name\":\"Tiketa Blog\",\"description\":\"Tiketa Blog\",\"publisher\":{\"@id\":\"https:\\\/\\\/tiketa.pt\\\/blog\\\/#organization\"},\"potentialAction\":[{\"@type\":\"SearchAction\",\"target\":{\"@type\":\"EntryPoint\",\"urlTemplate\":\"https:\\\/\\\/tiketa.pt\\\/blog\\\/?s={search_term_string}\"},\"query-input\":{\"@type\":\"PropertyValueSpecification\",\"valueRequired\":true,\"valueName\":\"search_term_string\"}}],\"inLanguage\":\"pt-PT\"},{\"@type\":\"Organization\",\"@id\":\"https:\\\/\\\/tiketa.pt\\\/blog\\\/#organization\",\"name\":\"Tiketa.pt\",\"url\":\"https:\\\/\\\/tiketa.pt\\\/blog\\\/\",\"logo\":{\"@type\":\"ImageObject\",\"inLanguage\":\"pt-PT\",\"@id\":\"https:\\\/\\\/tiketa.pt\\\/blog\\\/#\\\/schema\\\/logo\\\/image\\\/\",\"url\":\"https:\\\/\\\/tiketa.pt\\\/blog\\\/wp-content\\\/uploads\\\/2018\\\/05\\\/Logo-original-e1525187372605.png\",\"contentUrl\":\"https:\\\/\\\/tiketa.pt\\\/blog\\\/wp-content\\\/uploads\\\/2018\\\/05\\\/Logo-original-e1525187372605.png\",\"width\":180,\"height\":180,\"caption\":\"Tiketa.pt\"},\"image\":{\"@id\":\"https:\\\/\\\/tiketa.pt\\\/blog\\\/#\\\/schema\\\/logo\\\/image\\\/\"},\"sameAs\":[\"https:\\\/\\\/www.facebook.com\\\/tiketa.pt\",\"https:\\\/\\\/www.instagram.com\\\/tiketa.pt\\\/\",\"https:\\\/\\\/www.trustedshops.pt\\\/avaliacao\\\/info_XED651B9213F7326F03030878DD73FD92.html\",\"https:\\\/\\\/g.page\\\/r\\\/CVHameCbJ8LjEAE\\\/\"],\"alternateName\":\"Tiketa\",\"knowsAbout\":[\"Etiquetas personalizadas para roupa\",\"Etiquetas termoaderentes\",\"Etiquetas autocolantes para objetos\",\"Identifica\u00e7\u00e3o de roupa e pertences para lares de idosos\",\"Identifica\u00e7\u00e3o de roupa para ERPI e lares de idosos\",\"Etiquetas para cal\u00e7ado\",\"Organiza\u00e7\u00e3o do regresso \u00e0s aulas\",\"Organiza\u00e7\u00e3o de material escolar\",\"Etiquetas para creche e pr\u00e9-escolar\",\"Etiquetas para despensa\",\"Pulseiras identificativas\",\"Organiza\u00e7\u00e3o familiar\"]},{\"@type\":\"Person\",\"@id\":\"https:\\\/\\\/tiketa.pt\\\/blog\\\/#\\\/schema\\\/person\\\/8cdf0265b32689e8b24a21a903256b1d\",\"name\":\"Patr\u00edcia Machado\",\"pronouns\":\"ela\",\"image\":{\"@type\":\"ImageObject\",\"inLanguage\":\"pt-PT\",\"@id\":\"https:\\\/\\\/tiketa.pt\\\/blog\\\/wp-content\\\/uploads\\\/2026\\\/07\\\/photo-output-1-scaled-96x96.jpeg\",\"url\":\"https:\\\/\\\/tiketa.pt\\\/blog\\\/wp-content\\\/uploads\\\/2026\\\/07\\\/photo-output-1-scaled-96x96.jpeg\",\"contentUrl\":\"https:\\\/\\\/tiketa.pt\\\/blog\\\/wp-content\\\/uploads\\\/2026\\\/07\\\/photo-output-1-scaled-96x96.jpeg\",\"caption\":\"Patr\u00edcia Machado\"},\"description\":\"Cofundadora da Tiketa, Patr\u00edcia Machado \u00e9 respons\u00e1vel pela comunica\u00e7\u00e3o, pelo apoio ao cliente e pelo desenvolvimento dos conte\u00fados da marca. Ao longo de mais de uma d\u00e9cada, tem acompanhado diariamente as d\u00favidas de fam\u00edlias e institui\u00e7\u00f5es sobre identifica\u00e7\u00e3o de roupa, material escolar e outros pertences pessoais.\",\"sameAs\":[\"https:\\\/\\\/tiketa.pt\"],\"url\":\"https:\\\/\\\/tiketa.pt\\\/blog\\\/author\\\/patriciamachado\\\/\"},{\"@type\":\"Question\",\"@id\":\"https:\\\/\\\/tiketa.pt\\\/blog\\\/etiquetas-personalizadas-com-o-nome-html\\\/#faq-question-1783886569188\",\"position\":1,\"url\":\"https:\\\/\\\/tiketa.pt\\\/blog\\\/etiquetas-personalizadas-com-o-nome-html\\\/#faq-question-1783886569188\",\"name\":\"O que s\u00e3o etiquetas personalizadas com o nome?\",\"answerCount\":1,\"acceptedAnswer\":{\"@type\":\"Answer\",\"text\":\"S\u00e3o solu\u00e7\u00f5es de identifica\u00e7\u00e3o impressas com o nome ou outra refer\u00eancia de uma pessoa. Podem existir em diferentes formatos para roupa, objetos, cal\u00e7ado, mochilas e outros pertences.\",\"inLanguage\":\"pt-PT\"},\"inLanguage\":\"pt-PT\"},{\"@type\":\"Question\",\"@id\":\"https:\\\/\\\/tiketa.pt\\\/blog\\\/etiquetas-personalizadas-com-o-nome-html\\\/#faq-question-1783886735416\",\"position\":2,\"url\":\"https:\\\/\\\/tiketa.pt\\\/blog\\\/etiquetas-personalizadas-com-o-nome-html\\\/#faq-question-1783886735416\",\"name\":\"Para que servem as etiquetas personalizadas?\",\"answerCount\":1,\"acceptedAnswer\":{\"@type\":\"Answer\",\"text\":\"Servem para identificar pertences e reduzir perdas, trocas e confus\u00f5es. S\u00e3o \u00fateis na escola, creche, ATL, atividades desportivas, lares, hospitais, centros de dia e locais de trabalho.\",\"inLanguage\":\"pt-PT\"},\"inLanguage\":\"pt-PT\"},{\"@type\":\"Question\",\"@id\":\"https:\\\/\\\/tiketa.pt\\\/blog\\\/etiquetas-personalizadas-com-o-nome-html\\\/#faq-question-1783886760100\",\"position\":3,\"url\":\"https:\\\/\\\/tiketa.pt\\\/blog\\\/etiquetas-personalizadas-com-o-nome-html\\\/#faq-question-1783886760100\",\"name\":\"Que etiquetas devo usar na roupa?\",\"answerCount\":1,\"acceptedAnswer\":{\"@type\":\"Answer\",\"text\":\"Para roupa e outros tecidos, o mais indicado s\u00e3o etiquetas termoaderentes, aplicadas com calor. Foram pensadas para identificar camisolas, casacos, uniformes, toalhas, batas, mantas e sacos de pano.\",\"inLanguage\":\"pt-PT\"},\"inLanguage\":\"pt-PT\"},{\"@type\":\"Question\",\"@id\":\"https:\\\/\\\/tiketa.pt\\\/blog\\\/etiquetas-personalizadas-com-o-nome-html\\\/#faq-question-1783886786285\",\"position\":4,\"url\":\"https:\\\/\\\/tiketa.pt\\\/blog\\\/etiquetas-personalizadas-com-o-nome-html\\\/#faq-question-1783886786285\",\"name\":\"Que etiquetas devo usar em garrafas, lancheiras e material escolar?\",\"answerCount\":1,\"acceptedAnswer\":{\"@type\":\"Answer\",\"text\":\"Para garrafas, lancheiras, caixas, livros, cadernos, estojos e material escolar, deve usar autocolantes, aplicados numa superf\u00edcie lisa, limpa, seca e n\u00e3o t\u00eaxtil.\",\"inLanguage\":\"pt-PT\"},\"inLanguage\":\"pt-PT\"},{\"@type\":\"Question\",\"@id\":\"https:\\\/\\\/tiketa.pt\\\/blog\\\/etiquetas-personalizadas-com-o-nome-html\\\/#faq-question-1783886815517\",\"position\":5,\"url\":\"https:\\\/\\\/tiketa.pt\\\/blog\\\/etiquetas-personalizadas-com-o-nome-html\\\/#faq-question-1783886815517\",\"name\":\"Posso usar autocolantes normais no cal\u00e7ado?\",\"answerCount\":1,\"acceptedAnswer\":{\"@type\":\"Answer\",\"text\":\"Sim. Os autocolantes para objetos tamb\u00e9m podem ser usados no interior do cal\u00e7ado. Os formatos espec\u00edficos para sapatos usam os mesmos materiais, mas podem adaptar-se melhor ao espa\u00e7o ou ajudar a crian\u00e7a a distinguir o p\u00e9 direito do esquerdo. A aplica\u00e7\u00e3o deve ser feita preferencialmente numa palmilha lisa e n\u00e3o t\u00eaxtil.\",\"inLanguage\":\"pt-PT\"},\"inLanguage\":\"pt-PT\"},{\"@type\":\"Question\",\"@id\":\"https:\\\/\\\/tiketa.pt\\\/blog\\\/etiquetas-personalizadas-com-o-nome-html\\\/#faq-question-1783886865008\",\"position\":6,\"url\":\"https:\\\/\\\/tiketa.pt\\\/blog\\\/etiquetas-personalizadas-com-o-nome-html\\\/#faq-question-1783886865008\",\"name\":\"Que etiqueta devo usar numa bata ou num bibe?\",\"answerCount\":1,\"acceptedAnswer\":{\"@type\":\"Answer\",\"text\":\"Para uma identifica\u00e7\u00e3o discreta, pode usar uma etiqueta termoaderente regular no interior. Quando se pretende um nome grande e vis\u00edvel junto ao peito, o mais indicado \u00e9 uma etiqueta espec\u00edfica para batas e bibes.\",\"inLanguage\":\"pt-PT\"},\"inLanguage\":\"pt-PT\"},{\"@type\":\"Question\",\"@id\":\"https:\\\/\\\/tiketa.pt\\\/blog\\\/etiquetas-personalizadas-com-o-nome-html\\\/#faq-question-1783886892935\",\"position\":7,\"url\":\"https:\\\/\\\/tiketa.pt\\\/blog\\\/etiquetas-personalizadas-com-o-nome-html\\\/#faq-question-1783886892935\",\"name\":\"As bolinhas para meias s\u00e3o personalizadas com o nome?\",\"answerCount\":1,\"acceptedAnswer\":{\"@type\":\"Answer\",\"text\":\"N\u00e3o. As bolinhas termoaderentes servem para agrupar os pares de meias depois da lavagem. Aplica-se a mesma combina\u00e7\u00e3o nas duas meias do par, mas n\u00e3o \u00e9 impresso o nome da pessoa\",\"inLanguage\":\"pt-PT\"},\"inLanguage\":\"pt-PT\"},{\"@type\":\"Question\",\"@id\":\"https:\\\/\\\/tiketa.pt\\\/blog\\\/etiquetas-personalizadas-com-o-nome-html\\\/#faq-question-1783886916785\",\"position\":8,\"url\":\"https:\\\/\\\/tiketa.pt\\\/blog\\\/etiquetas-personalizadas-com-o-nome-html\\\/#faq-question-1783886916785\",\"name\":\"As etiquetas personalizadas s\u00e3o \u00fateis na creche?\",\"answerCount\":1,\"acceptedAnswer\":{\"@type\":\"Answer\",\"text\":\"Sim. Na creche, ajudam a identificar roupa, mudas, biber\u00f5es, copos, chupetas, mantas, sacos, objetos de conforto e outros pertences da crian\u00e7a\",\"inLanguage\":\"pt-PT\"},\"inLanguage\":\"pt-PT\"},{\"@type\":\"Question\",\"@id\":\"https:\\\/\\\/tiketa.pt\\\/blog\\\/etiquetas-personalizadas-com-o-nome-html\\\/#faq-question-1783886941552\",\"position\":9,\"url\":\"https:\\\/\\\/tiketa.pt\\\/blog\\\/etiquetas-personalizadas-com-o-nome-html\\\/#faq-question-1783886941552\",\"name\":\"As etiquetas personalizadas tamb\u00e9m servem para lares?\",\"answerCount\":1,\"acceptedAnswer\":{\"@type\":\"Answer\",\"text\":\"Sim. Em lares, centros de dia, hospitais e unidades de cuidados continuados, ajudam a identificar roupa e objetos pessoais e a reduzir o risco de trocas ou perdas.\",\"inLanguage\":\"pt-PT\"},\"inLanguage\":\"pt-PT\"},{\"@type\":\"Question\",\"@id\":\"https:\\\/\\\/tiketa.pt\\\/blog\\\/etiquetas-personalizadas-com-o-nome-html\\\/#faq-question-1783886964835\",\"position\":10,\"url\":\"https:\\\/\\\/tiketa.pt\\\/blog\\\/etiquetas-personalizadas-com-o-nome-html\\\/#faq-question-1783886964835\",\"name\":\"Como escolher o melhor tipo de etiqueta?\",\"answerCount\":1,\"acceptedAnswer\":{\"@type\":\"Answer\",\"text\":\"Escolha de acordo com a superf\u00edcie: termoaderentes para roupa, autocolantes para objetos lisos e cal\u00e7ado, identificadores para mochilas e sacos, bolinhas termoaderentes para agrupar meias e formatos pr\u00f3prios para batas quando o nome deve ficar grande e vis\u00edvel.\",\"inLanguage\":\"pt-PT\"},\"inLanguage\":\"pt-PT\"},{\"@type\":\"Question\",\"@id\":\"https:\\\/\\\/tiketa.pt\\\/blog\\\/etiquetas-personalizadas-com-o-nome-html\\\/#faq-question-1783886986452\",\"position\":11,\"url\":\"https:\\\/\\\/tiketa.pt\\\/blog\\\/etiquetas-personalizadas-com-o-nome-html\\\/#faq-question-1783886986452\",\"name\":\"Quanto tempo devo esperar antes da primeira lavagem?\",\"answerCount\":1,\"acceptedAnswer\":{\"@type\":\"Answer\",\"text\":\"Deve aguardar 24 horas antes da primeira lavagem, tanto nas etiquetas termoaderentes como nos autocolantes. Este per\u00edodo permite estabilizar a liga\u00e7\u00e3o ao tecido ou desenvolver a ader\u00eancia completa \u00e0 superf\u00edcie.\",\"inLanguage\":\"pt-PT\"},\"inLanguage\":\"pt-PT\"},{\"@type\":\"Question\",\"@id\":\"https:\\\/\\\/tiketa.pt\\\/blog\\\/etiquetas-personalizadas-com-o-nome-html\\\/#faq-question-1785257002126\",\"position\":12,\"url\":\"https:\\\/\\\/tiketa.pt\\\/blog\\\/etiquetas-personalizadas-com-o-nome-html\\\/#faq-question-1785257002126\",\"name\":\"As etiquetas duram o ano letivo inteiro?\",\"answerCount\":1,\"acceptedAnswer\":{\"@type\":\"Answer\",\"text\":\"Podem durar todo o ano letivo quando s\u00e3o escolhidas de acordo com a superf\u00edcie, aplicadas corretamente e utilizadas nas condi\u00e7\u00f5es adequadas. A dura\u00e7\u00e3o varia conforme o tipo de etiqueta, o artigo, a frequ\u00eancia de lavagem, o atrito e a intensidade de utiliza\u00e7\u00e3o, sendo recomend\u00e1vel verificar periodicamente os objetos mais usados.\",\"inLanguage\":\"pt-PT\"},\"inLanguage\":\"pt-PT\"}]}<\/script>\n<!-- \/ Yoast SEO plugin. -->","yoast_head_json":{"title":"Etiquetas personalizadas com o nome: para que servem e como escolher - Tiketa Blog","description":"Saiba para que servem as etiquetas personalizadas com o nome, onde usar, que tipos existem e como escolher a melhor op\u00e7\u00e3o para roupa, objetos, escola, creche e lares.","robots":{"index":"index","follow":"follow","max-snippet":"max-snippet:-1","max-image-preview":"max-image-preview:large","max-video-preview":"max-video-preview:-1"},"canonical":"https:\/\/tiketa.pt\/blog\/etiquetas-personalizadas-com-o-nome-html\/","og_locale":"pt_PT","og_type":"article","og_title":"Etiquetas personalizadas com o nome: para que servem e como escolher - Tiketa Blog","og_description":"Saiba para que servem as etiquetas personalizadas com o nome, onde usar, que tipos existem e como escolher a melhor op\u00e7\u00e3o para roupa, objetos, escola, creche e lares.","og_url":"https:\/\/tiketa.pt\/blog\/etiquetas-personalizadas-com-o-nome-html\/","og_site_name":"Tiketa Blog","article_publisher":"https:\/\/www.facebook.com\/tiketa.pt","article_published_time":"2018-02-12T21:46:52+00:00","article_modified_time":"2026-08-06T13:47:38+00:00","og_image":[{"width":1000,"height":759,"url":"https:\/\/tiketa.pt\/blog\/wp-content\/uploads\/2018\/02\/muitastermos.jpg","type":"image\/jpeg"}],"author":"Patr\u00edcia Machado","twitter_card":"summary_large_image","twitter_misc":{"Escrito por":"Patr\u00edcia Machado","Tempo estimado de leitura":"15 minutos"},"schema":{"@context":"https:\/\/schema.org","@graph":[{"@type":"Article","@id":"https:\/\/tiketa.pt\/blog\/etiquetas-personalizadas-com-o-nome-html\/#article","isPartOf":{"@id":"https:\/\/tiketa.pt\/blog\/etiquetas-personalizadas-com-o-nome-html\/"},"author":{"name":"Patr\u00edcia Machado","@id":"https:\/\/tiketa.pt\/blog\/#\/schema\/person\/8cdf0265b32689e8b24a21a903256b1d"},"headline":"Etiquetas personalizadas com o nome: para que servem e como escolher","datePublished":"2018-02-12T21:46:52+00:00","dateModified":"2026-08-06T13:47:38+00:00","mainEntityOfPage":{"@id":"https:\/\/tiketa.pt\/blog\/etiquetas-personalizadas-com-o-nome-html\/"},"wordCount":2908,"publisher":{"@id":"https:\/\/tiketa.pt\/blog\/#organization"},"image":{"@id":"https:\/\/tiketa.pt\/blog\/etiquetas-personalizadas-com-o-nome-html\/#primaryimage"},"thumbnailUrl":"https:\/\/tiketa.pt\/blog\/wp-content\/uploads\/2018\/02\/muitastermos.jpg","keywords":["etiquetas personalizadas com o nome","para que servem as etiquetas personalizadas com o nome","tudo sobre etiquetas personalizadas com o nome"],"articleSection":["Etiquetas para Roupa e Objetos"],"inLanguage":"pt-PT"},{"@type":["WebPage","FAQPage"],"@id":"https:\/\/tiketa.pt\/blog\/etiquetas-personalizadas-com-o-nome-html\/","url":"https:\/\/tiketa.pt\/blog\/etiquetas-personalizadas-com-o-nome-html\/","name":"Etiquetas personalizadas com o nome: para que servem e como escolher - Tiketa Blog","isPartOf":{"@id":"https:\/\/tiketa.pt\/blog\/#website"},"primaryImageOfPage":{"@id":"https:\/\/tiketa.pt\/blog\/etiquetas-personalizadas-com-o-nome-html\/#primaryimage"},"image":{"@id":"https:\/\/tiketa.pt\/blog\/etiquetas-personalizadas-com-o-nome-html\/#primaryimage"},"thumbnailUrl":"https:\/\/tiketa.pt\/blog\/wp-content\/uploads\/2018\/02\/muitastermos.jpg","datePublished":"2018-02-12T21:46:52+00:00","dateModified":"2026-08-06T13:47:38+00:00","description":"Saiba para que servem as etiquetas personalizadas com o nome, onde usar, que tipos existem e como escolher a melhor op\u00e7\u00e3o para roupa, objetos, escola, creche e lares.","breadcrumb":{"@id":"https:\/\/tiketa.pt\/blog\/etiquetas-personalizadas-com-o-nome-html\/#breadcrumb"},"mainEntity":[{"@id":"https:\/\/tiketa.pt\/blog\/etiquetas-personalizadas-com-o-nome-html\/#faq-question-1783886569188"},{"@id":"https:\/\/tiketa.pt\/blog\/etiquetas-personalizadas-com-o-nome-html\/#faq-question-1783886735416"},{"@id":"https:\/\/tiketa.pt\/blog\/etiquetas-personalizadas-com-o-nome-html\/#faq-question-1783886760100"},{"@id":"https:\/\/tiketa.pt\/blog\/etiquetas-personalizadas-com-o-nome-html\/#faq-question-1783886786285"},{"@id":"https:\/\/tiketa.pt\/blog\/etiquetas-personalizadas-com-o-nome-html\/#faq-question-1783886815517"},{"@id":"https:\/\/tiketa.pt\/blog\/etiquetas-personalizadas-com-o-nome-html\/#faq-question-1783886865008"},{"@id":"https:\/\/tiketa.pt\/blog\/etiquetas-personalizadas-com-o-nome-html\/#faq-question-1783886892935"},{"@id":"https:\/\/tiketa.pt\/blog\/etiquetas-personalizadas-com-o-nome-html\/#faq-question-1783886916785"},{"@id":"https:\/\/tiketa.pt\/blog\/etiquetas-personalizadas-com-o-nome-html\/#faq-question-1783886941552"},{"@id":"https:\/\/tiketa.pt\/blog\/etiquetas-personalizadas-com-o-nome-html\/#faq-question-1783886964835"},{"@id":"https:\/\/tiketa.pt\/blog\/etiquetas-personalizadas-com-o-nome-html\/#faq-question-1783886986452"},{"@id":"https:\/\/tiketa.pt\/blog\/etiquetas-personalizadas-com-o-nome-html\/#faq-question-1785257002126"}],"inLanguage":"pt-PT","potentialAction":[{"@type":"ReadAction","target":["https:\/\/tiketa.pt\/blog\/etiquetas-personalizadas-com-o-nome-html\/"]}]},{"@type":"ImageObject","inLanguage":"pt-PT","@id":"https:\/\/tiketa.pt\/blog\/etiquetas-personalizadas-com-o-nome-html\/#primaryimage","url":"https:\/\/tiketa.pt\/blog\/wp-content\/uploads\/2018\/02\/muitastermos.jpg","contentUrl":"https:\/\/tiketa.pt\/blog\/wp-content\/uploads\/2018\/02\/muitastermos.jpg","width":1000,"height":759,"caption":"Etiquetas personalizadas com o nome para identificar roupa, objetos e material escolar"},{"@type":"BreadcrumbList","@id":"https:\/\/tiketa.pt\/blog\/etiquetas-personalizadas-com-o-nome-html\/#breadcrumb","itemListElement":[{"@type":"ListItem","position":1,"name":"In\u00edcio","item":"https:\/\/tiketa.pt\/blog\/"},{"@type":"ListItem","position":2,"name":"Etiquetas para Roupa e Objetos","item":"https:\/\/tiketa.pt\/blog\/category\/etiquetas-personalizadas-para-roupa-e-objetos\/"},{"@type":"ListItem","position":3,"name":"Etiquetas personalizadas com o nome: para que servem e como escolher"}]},{"@type":"WebSite","@id":"https:\/\/tiketa.pt\/blog\/#website","url":"https:\/\/tiketa.pt\/blog\/","name":"Tiketa Blog","description":"Tiketa Blog","publisher":{"@id":"https:\/\/tiketa.pt\/blog\/#organization"},"potentialAction":[{"@type":"SearchAction","target":{"@type":"EntryPoint","urlTemplate":"https:\/\/tiketa.pt\/blog\/?s={search_term_string}"},"query-input":{"@type":"PropertyValueSpecification","valueRequired":true,"valueName":"search_term_string"}}],"inLanguage":"pt-PT"},{"@type":"Organization","@id":"https:\/\/tiketa.pt\/blog\/#organization","name":"Tiketa.pt","url":"https:\/\/tiketa.pt\/blog\/","logo":{"@type":"ImageObject","inLanguage":"pt-PT","@id":"https:\/\/tiketa.pt\/blog\/#\/schema\/logo\/image\/","url":"https:\/\/tiketa.pt\/blog\/wp-content\/uploads\/2018\/05\/Logo-original-e1525187372605.png","contentUrl":"https:\/\/tiketa.pt\/blog\/wp-content\/uploads\/2018\/05\/Logo-original-e1525187372605.png","width":180,"height":180,"caption":"Tiketa.pt"},"image":{"@id":"https:\/\/tiketa.pt\/blog\/#\/schema\/logo\/image\/"},"sameAs":["https:\/\/www.facebook.com\/tiketa.pt","https:\/\/www.instagram.com\/tiketa.pt\/","https:\/\/www.trustedshops.pt\/avaliacao\/info_XED651B9213F7326F03030878DD73FD92.html","https:\/\/g.page\/r\/CVHameCbJ8LjEAE\/"],"alternateName":"Tiketa","knowsAbout":["Etiquetas personalizadas para roupa","Etiquetas termoaderentes","Etiquetas autocolantes para objetos","Identifica\u00e7\u00e3o de roupa e pertences para lares de idosos","Identifica\u00e7\u00e3o de roupa para ERPI e lares de idosos","Etiquetas para cal\u00e7ado","Organiza\u00e7\u00e3o do regresso \u00e0s aulas","Organiza\u00e7\u00e3o de material escolar","Etiquetas para creche e pr\u00e9-escolar","Etiquetas para despensa","Pulseiras identificativas","Organiza\u00e7\u00e3o familiar"]},{"@type":"Person","@id":"https:\/\/tiketa.pt\/blog\/#\/schema\/person\/8cdf0265b32689e8b24a21a903256b1d","name":"Patr\u00edcia Machado","pronouns":"ela","image":{"@type":"ImageObject","inLanguage":"pt-PT","@id":"https:\/\/tiketa.pt\/blog\/wp-content\/uploads\/2026\/07\/photo-output-1-scaled-96x96.jpeg","url":"https:\/\/tiketa.pt\/blog\/wp-content\/uploads\/2026\/07\/photo-output-1-scaled-96x96.jpeg","contentUrl":"https:\/\/tiketa.pt\/blog\/wp-content\/uploads\/2026\/07\/photo-output-1-scaled-96x96.jpeg","caption":"Patr\u00edcia Machado"},"description":"Cofundadora da Tiketa, Patr\u00edcia Machado \u00e9 respons\u00e1vel pela comunica\u00e7\u00e3o, pelo apoio ao cliente e pelo desenvolvimento dos conte\u00fados da marca. Ao longo de mais de uma d\u00e9cada, tem acompanhado diariamente as d\u00favidas de fam\u00edlias e institui\u00e7\u00f5es sobre identifica\u00e7\u00e3o de roupa, material escolar e outros pertences pessoais.","sameAs":["https:\/\/tiketa.pt"],"url":"https:\/\/tiketa.pt\/blog\/author\/patriciamachado\/"},{"@type":"Question","@id":"https:\/\/tiketa.pt\/blog\/etiquetas-personalizadas-com-o-nome-html\/#faq-question-1783886569188","position":1,"url":"https:\/\/tiketa.pt\/blog\/etiquetas-personalizadas-com-o-nome-html\/#faq-question-1783886569188","name":"O que s\u00e3o etiquetas personalizadas com o nome?","answerCount":1,"acceptedAnswer":{"@type":"Answer","text":"S\u00e3o solu\u00e7\u00f5es de identifica\u00e7\u00e3o impressas com o nome ou outra refer\u00eancia de uma pessoa. Podem existir em diferentes formatos para roupa, objetos, cal\u00e7ado, mochilas e outros pertences.","inLanguage":"pt-PT"},"inLanguage":"pt-PT"},{"@type":"Question","@id":"https:\/\/tiketa.pt\/blog\/etiquetas-personalizadas-com-o-nome-html\/#faq-question-1783886735416","position":2,"url":"https:\/\/tiketa.pt\/blog\/etiquetas-personalizadas-com-o-nome-html\/#faq-question-1783886735416","name":"Para que servem as etiquetas personalizadas?","answerCount":1,"acceptedAnswer":{"@type":"Answer","text":"Servem para identificar pertences e reduzir perdas, trocas e confus\u00f5es. S\u00e3o \u00fateis na escola, creche, ATL, atividades desportivas, lares, hospitais, centros de dia e locais de trabalho.","inLanguage":"pt-PT"},"inLanguage":"pt-PT"},{"@type":"Question","@id":"https:\/\/tiketa.pt\/blog\/etiquetas-personalizadas-com-o-nome-html\/#faq-question-1783886760100","position":3,"url":"https:\/\/tiketa.pt\/blog\/etiquetas-personalizadas-com-o-nome-html\/#faq-question-1783886760100","name":"Que etiquetas devo usar na roupa?","answerCount":1,"acceptedAnswer":{"@type":"Answer","text":"Para roupa e outros tecidos, o mais indicado s\u00e3o etiquetas termoaderentes, aplicadas com calor. Foram pensadas para identificar camisolas, casacos, uniformes, toalhas, batas, mantas e sacos de pano.","inLanguage":"pt-PT"},"inLanguage":"pt-PT"},{"@type":"Question","@id":"https:\/\/tiketa.pt\/blog\/etiquetas-personalizadas-com-o-nome-html\/#faq-question-1783886786285","position":4,"url":"https:\/\/tiketa.pt\/blog\/etiquetas-personalizadas-com-o-nome-html\/#faq-question-1783886786285","name":"Que etiquetas devo usar em garrafas, lancheiras e material escolar?","answerCount":1,"acceptedAnswer":{"@type":"Answer","text":"Para garrafas, lancheiras, caixas, livros, cadernos, estojos e material escolar, deve usar autocolantes, aplicados numa superf\u00edcie lisa, limpa, seca e n\u00e3o t\u00eaxtil.","inLanguage":"pt-PT"},"inLanguage":"pt-PT"},{"@type":"Question","@id":"https:\/\/tiketa.pt\/blog\/etiquetas-personalizadas-com-o-nome-html\/#faq-question-1783886815517","position":5,"url":"https:\/\/tiketa.pt\/blog\/etiquetas-personalizadas-com-o-nome-html\/#faq-question-1783886815517","name":"Posso usar autocolantes normais no cal\u00e7ado?","answerCount":1,"acceptedAnswer":{"@type":"Answer","text":"Sim. Os autocolantes para objetos tamb\u00e9m podem ser usados no interior do cal\u00e7ado. Os formatos espec\u00edficos para sapatos usam os mesmos materiais, mas podem adaptar-se melhor ao espa\u00e7o ou ajudar a crian\u00e7a a distinguir o p\u00e9 direito do esquerdo. A aplica\u00e7\u00e3o deve ser feita preferencialmente numa palmilha lisa e n\u00e3o t\u00eaxtil.","inLanguage":"pt-PT"},"inLanguage":"pt-PT"},{"@type":"Question","@id":"https:\/\/tiketa.pt\/blog\/etiquetas-personalizadas-com-o-nome-html\/#faq-question-1783886865008","position":6,"url":"https:\/\/tiketa.pt\/blog\/etiquetas-personalizadas-com-o-nome-html\/#faq-question-1783886865008","name":"Que etiqueta devo usar numa bata ou num bibe?","answerCount":1,"acceptedAnswer":{"@type":"Answer","text":"Para uma identifica\u00e7\u00e3o discreta, pode usar uma etiqueta termoaderente regular no interior. Quando se pretende um nome grande e vis\u00edvel junto ao peito, o mais indicado \u00e9 uma etiqueta espec\u00edfica para batas e bibes.","inLanguage":"pt-PT"},"inLanguage":"pt-PT"},{"@type":"Question","@id":"https:\/\/tiketa.pt\/blog\/etiquetas-personalizadas-com-o-nome-html\/#faq-question-1783886892935","position":7,"url":"https:\/\/tiketa.pt\/blog\/etiquetas-personalizadas-com-o-nome-html\/#faq-question-1783886892935","name":"As bolinhas para meias s\u00e3o personalizadas com o nome?","answerCount":1,"acceptedAnswer":{"@type":"Answer","text":"N\u00e3o. As bolinhas termoaderentes servem para agrupar os pares de meias depois da lavagem. Aplica-se a mesma combina\u00e7\u00e3o nas duas meias do par, mas n\u00e3o \u00e9 impresso o nome da pessoa","inLanguage":"pt-PT"},"inLanguage":"pt-PT"},{"@type":"Question","@id":"https:\/\/tiketa.pt\/blog\/etiquetas-personalizadas-com-o-nome-html\/#faq-question-1783886916785","position":8,"url":"https:\/\/tiketa.pt\/blog\/etiquetas-personalizadas-com-o-nome-html\/#faq-question-1783886916785","name":"As etiquetas personalizadas s\u00e3o \u00fateis na creche?","answerCount":1,"acceptedAnswer":{"@type":"Answer","text":"Sim. Na creche, ajudam a identificar roupa, mudas, biber\u00f5es, copos, chupetas, mantas, sacos, objetos de conforto e outros pertences da crian\u00e7a","inLanguage":"pt-PT"},"inLanguage":"pt-PT"},{"@type":"Question","@id":"https:\/\/tiketa.pt\/blog\/etiquetas-personalizadas-com-o-nome-html\/#faq-question-1783886941552","position":9,"url":"https:\/\/tiketa.pt\/blog\/etiquetas-personalizadas-com-o-nome-html\/#faq-question-1783886941552","name":"As etiquetas personalizadas tamb\u00e9m servem para lares?","answerCount":1,"acceptedAnswer":{"@type":"Answer","text":"Sim. Em lares, centros de dia, hospitais e unidades de cuidados continuados, ajudam a identificar roupa e objetos pessoais e a reduzir o risco de trocas ou perdas.","inLanguage":"pt-PT"},"inLanguage":"pt-PT"},{"@type":"Question","@id":"https:\/\/tiketa.pt\/blog\/etiquetas-personalizadas-com-o-nome-html\/#faq-question-1783886964835","position":10,"url":"https:\/\/tiketa.pt\/blog\/etiquetas-personalizadas-com-o-nome-html\/#faq-question-1783886964835","name":"Como escolher o melhor tipo de etiqueta?","answerCount":1,"acceptedAnswer":{"@type":"Answer","text":"Escolha de acordo com a superf\u00edcie: termoaderentes para roupa, autocolantes para objetos lisos e cal\u00e7ado, identificadores para mochilas e sacos, bolinhas termoaderentes para agrupar meias e formatos pr\u00f3prios para batas quando o nome deve ficar grande e vis\u00edvel.","inLanguage":"pt-PT"},"inLanguage":"pt-PT"},{"@type":"Question","@id":"https:\/\/tiketa.pt\/blog\/etiquetas-personalizadas-com-o-nome-html\/#faq-question-1783886986452","position":11,"url":"https:\/\/tiketa.pt\/blog\/etiquetas-personalizadas-com-o-nome-html\/#faq-question-1783886986452","name":"Quanto tempo devo esperar antes da primeira lavagem?","answerCount":1,"acceptedAnswer":{"@type":"Answer","text":"Deve aguardar 24 horas antes da primeira lavagem, tanto nas etiquetas termoaderentes como nos autocolantes. Este per\u00edodo permite estabilizar a liga\u00e7\u00e3o ao tecido ou desenvolver a ader\u00eancia completa \u00e0 superf\u00edcie.","inLanguage":"pt-PT"},"inLanguage":"pt-PT"},{"@type":"Question","@id":"https:\/\/tiketa.pt\/blog\/etiquetas-personalizadas-com-o-nome-html\/#faq-question-1785257002126","position":12,"url":"https:\/\/tiketa.pt\/blog\/etiquetas-personalizadas-com-o-nome-html\/#faq-question-1785257002126","name":"As etiquetas duram o ano letivo inteiro?","answerCount":1,"acceptedAnswer":{"@type":"Answer","text":"Podem durar todo o ano letivo quando s\u00e3o escolhidas de acordo com a superf\u00edcie, aplicadas corretamente e utilizadas nas condi\u00e7\u00f5es adequadas. A dura\u00e7\u00e3o varia conforme o tipo de etiqueta, o artigo, a frequ\u00eancia de lavagem, o atrito e a intensidade de utiliza\u00e7\u00e3o, sendo recomend\u00e1vel verificar periodicamente os objetos mais usados.","inLanguage":"pt-PT"},"inLanguage":"pt-PT"}]}},"_links":{"self":[{"href":"https:\/\/tiketa.pt\/blog\/wp-json\/wp\/v2\/posts\/27","targetHints":{"allow":["GET"]}}],"collection":[{"href":"https:\/\/tiketa.pt\/blog\/wp-json\/wp\/v2\/posts"}],"about":[{"href":"https:\/\/tiketa.pt\/blog\/wp-json\/wp\/v2\/types\/post"}],"author":[{"embeddable":true,"href":"https:\/\/tiketa.pt\/blog\/wp-json\/wp\/v2\/users\/9"}],"replies":[{"embeddable":true,"href":"https:\/\/tiketa.pt\/blog\/wp-json\/wp\/v2\/comments?post=27"}],"version-history":[{"count":29,"href":"https:\/\/tiketa.pt\/blog\/wp-json\/wp\/v2\/posts\/27\/revisions"}],"predecessor-version":[{"id":1588,"href":"https:\/\/tiketa.pt\/blog\/wp-json\/wp\/v2\/posts\/27\/revisions\/1588"}],"wp:featuredmedia":[{"embeddable":true,"href":"https:\/\/tiketa.pt\/blog\/wp-json\/wp\/v2\/media\/28"}],"wp:attachment":[{"href":"https:\/\/tiketa.pt\/blog\/wp-json\/wp\/v2\/media?parent=27"}],"wp:term":[{"taxonomy":"category","embeddable":true,"href":"https:\/\/tiketa.pt\/blog\/wp-json\/wp\/v2\/categories?post=27"},{"taxonomy":"post_tag","embeddable":true,"href":"https:\/\/tiketa.pt\/blog\/wp-json\/wp\/v2\/tags?post=27"}],"curies":[{"name":"wp","href":"https:\/\/api.w.org\/{rel}","templated":true}]}}