{"id":454,"date":"2026-03-10T13:53:00","date_gmt":"2026-03-10T13:53:00","guid":{"rendered":"https:\/\/tiketa.pt\/blog\/?p=454"},"modified":"2026-04-13T07:38:58","modified_gmt":"2026-04-13T07:38:58","slug":"kits-poupanca-etiquetas-regresso-as-aulas","status":"publish","type":"post","link":"https:\/\/tiketa.pt\/blog\/kits-poupanca-etiquetas-regresso-as-aulas\/","title":{"rendered":"Kits Poupan\u00e7a Etiquetas &#8211; Regresso \u00e0s Aulas"},"content":{"rendered":"\n<p>Cada vez mais \u00e9 reconhecida a import\u00e2ncia de identificar corretamente todo o material escolar e os pertences pessoais em ambiente escolar.<\/p>\n\n\n\n<figure class=\"wp-block-image size-large\"><img loading=\"lazy\" decoding=\"async\" width=\"1024\" height=\"664\" src=\"https:\/\/tiketa.pt\/blog\/wp-content\/uploads\/2020\/07\/1B2AD344-1ABF-4FCE-9B52-0849D01F11FC_1_100_o-1024x664.jpeg\" alt=\"\" class=\"wp-image-457\" srcset=\"https:\/\/tiketa.pt\/blog\/wp-content\/uploads\/2020\/07\/1B2AD344-1ABF-4FCE-9B52-0849D01F11FC_1_100_o-1024x664.jpeg 1024w, https:\/\/tiketa.pt\/blog\/wp-content\/uploads\/2020\/07\/1B2AD344-1ABF-4FCE-9B52-0849D01F11FC_1_100_o-300x194.jpeg 300w, https:\/\/tiketa.pt\/blog\/wp-content\/uploads\/2020\/07\/1B2AD344-1ABF-4FCE-9B52-0849D01F11FC_1_100_o-768x498.jpeg 768w, https:\/\/tiketa.pt\/blog\/wp-content\/uploads\/2020\/07\/1B2AD344-1ABF-4FCE-9B52-0849D01F11FC_1_100_o-1536x995.jpeg 1536w, https:\/\/tiketa.pt\/blog\/wp-content\/uploads\/2020\/07\/1B2AD344-1ABF-4FCE-9B52-0849D01F11FC_1_100_o-2048x1327.jpeg 2048w, https:\/\/tiketa.pt\/blog\/wp-content\/uploads\/2020\/07\/1B2AD344-1ABF-4FCE-9B52-0849D01F11FC_1_100_o-810x525.jpeg 810w, https:\/\/tiketa.pt\/blog\/wp-content\/uploads\/2020\/07\/1B2AD344-1ABF-4FCE-9B52-0849D01F11FC_1_100_o-1140x739.jpeg 1140w\" sizes=\"auto, (max-width: 1024px) 100vw, 1024px\" \/><\/figure>\n\n\n\n<p>Por as nossas etiquetas personalizadas com o nome serem as mais resistentes e duradouras, os kits poupan\u00e7a que elaboramos para o Regresso \u00e0s Aulas s\u00e3o dos mais procurados durante todo o ano!<\/p>\n\n\n\n<p>S\u00e3o cinco os kits que criamos e est\u00e3o divididos por fase escolar. <\/p>\n\n\n\n<p>Temos o Kit Creche com etiquetas mini para as roupas, lou\u00e7as, cal\u00e7ado, etc. (Podem consultar todas as informa\u00e7\u00f5es sobre o Kit Creche aqui : <a href=\"https:\/\/tiketa.pt\/kit-regresso-as-aulas-creche.html\">https:\/\/tiketa.pt\/kit-regresso-as-aulas-creche.html<\/a>) . <\/p>\n\n\n\n<p>Temos o Kit Pr\u00e9-Escolar que cont\u00e9m etiquetas para roupa, cal\u00e7ado, lou\u00e7as e objetos pessoais e tamb\u00e9m etiquetas grandes para colocar ao peito na bata escolar (Podem consultar todas as informa\u00e7\u00f5es sobre o Kit Pr\u00e9-Escolar aqui : <a href=\"https:\/\/tiketa.pt\/kit-regresso-as-aulas-pre-escolar.html\">https:\/\/tiketa.pt\/kit-regresso-as-aulas-pre-escolar.html<\/a>)<\/p>\n\n\n\n<p>Para as restantes fases escolares (1\u00ba, 2\u00ba, 3\u00ba ciclo e restantes) temos mais do que um Kit apropriado. A escolha do Kit para qualquer uma destas fases vai depender do que pretendem identificar. <\/p>\n\n\n\n<figure class=\"wp-block-image size-large\"><img loading=\"lazy\" decoding=\"async\" width=\"1024\" height=\"1024\" src=\"https:\/\/tiketa.pt\/blog\/wp-content\/uploads\/2018\/07\/autocolante-2-1080-1024x1024.png\" alt=\"\" class=\"wp-image-278\" srcset=\"https:\/\/tiketa.pt\/blog\/wp-content\/uploads\/2018\/07\/autocolante-2-1080-1024x1024.png 1024w, https:\/\/tiketa.pt\/blog\/wp-content\/uploads\/2018\/07\/autocolante-2-1080-150x150.png 150w, https:\/\/tiketa.pt\/blog\/wp-content\/uploads\/2018\/07\/autocolante-2-1080-300x300.png 300w, https:\/\/tiketa.pt\/blog\/wp-content\/uploads\/2018\/07\/autocolante-2-1080-768x768.png 768w, https:\/\/tiketa.pt\/blog\/wp-content\/uploads\/2018\/07\/autocolante-2-1080-810x810.png 810w, https:\/\/tiketa.pt\/blog\/wp-content\/uploads\/2018\/07\/autocolante-2-1080.png 1080w\" sizes=\"auto, (max-width: 1024px) 100vw, 1024px\" \/><\/figure>\n\n\n\n<p>A 1\u00aa quest\u00e3o que se coloca \u00e9 : <\/p>\n\n\n\n<p><strong><em>&#8220;Neste Regresso \u00e0s Aulas tamb\u00e9m pretende identificar as roupas e o cal\u00e7ado ou apenas pretende identificar o material escolar (livros, cadernos, l\u00e1pis, canetas, mochila, estojo, etc.)?&#8221;<\/em><\/strong><\/p>\n\n\n\n<p>Se a resposta for que s\u00f3 pretende identificar o material escolar ent\u00e3o o Kit est\u00e1 escolhido! O Kit poupan\u00e7a mais indicado para quem s\u00f3 pretende identificar o material escolar \u00e9 o Kit Escolar que aqui expomos : <a href=\"https:\/\/tiketa.pt\/kit-regresso-as-aulas-escolar.html\">https:\/\/tiketa.pt\/kit-regresso-as-aulas-escolar.html<\/a><\/p>\n\n\n\n<p>Se para al\u00e9m do material escolar tamb\u00e9m pretende identificar roupas e cal\u00e7ado (do uniforme escolar, por exemplo) ent\u00e3o ter\u00e1 que escolher entre o <a href=\"https:\/\/tiketa.pt\/kit-regresso-as-aulas-basico.html\">Kit B\u00e1sico<\/a> e o <a href=\"https:\/\/tiketa.pt\/kit-regresso-as-aulas-completo.html\">Kit Completo<\/a>.<\/p>\n\n\n\n<p>O crit\u00e9rio para escolher entre estes 2 kits \u00e9 a quantidade de artigos que pretende identificar. No quadro abaixo tem um tabela com os diferentes tipos de etiquetas (e respetivas quantidades) que cada kit tem para ajudar na vossa escolha. (Na tabela abaixo &#8220;Termo&#8221; significa etiquetas termoaderentes para identificar as roupas, e que se aplicam de forma r\u00e1pida e pr\u00e1tica com o ferro de engomar)<\/p>\n\n\n<p>[wptb id=447]<\/p>\n\n\n\n<p>Podem fazer a vossa encomenda clicando no nome do Kit no topo da tabela, ou em cima do pre\u00e7o.<\/p>\n\n\n\n<p>Achamos que desta forma tudo fica mais claro, mas se surgir alguma d\u00favida ou quest\u00e3o n\u00e3o hesitem em contactar.<\/p>\n\n\n\n<h4 class=\"wp-block-heading\">Sobre&nbsp;<a href=\"https:\/\/tiketa.pt\/\">Tiketa.pt<\/a><\/h4>\n\n\n\n<p>A marca Tiketa\u00ae (com o logotipo do sol sorridente&nbsp;?) \u00e9 uma marca orgulhosamente Portuguesa ????. As verdadeiras tiketas\u00ae s\u00e3o desenhadas, produzidas e expedidas a partir de Portugal, desde 2011!&nbsp;?<\/p>\n\n\n\n<p><\/p>\n","protected":false},"excerpt":{"rendered":"<p>Cada vez mais \u00e9 reconhecida a import\u00e2ncia de identificar corretamente todo o material escolar e os pertences pessoais em ambiente escolar. Por as nossas etiquetas personalizadas com o nome serem as mais resistentes e duradouras, os kits poupan\u00e7a que elaboramos para o Regresso \u00e0s Aulas s\u00e3o dos mais procurados durante todo o ano! S\u00e3o cinco [&hellip;]<\/p>\n","protected":false},"author":5,"featured_media":457,"comment_status":"closed","ping_status":"open","sticky":false,"template":"","format":"standard","meta":{"footnotes":""},"categories":[5],"tags":[],"class_list":["post-454","post","type-post","status-publish","format-standard","has-post-thumbnail","hentry","category-regresso_as_aulas"],"_links":{"self":[{"href":"https:\/\/tiketa.pt\/blog\/wp-json\/wp\/v2\/posts\/454","targetHints":{"allow":["GET"]}}],"collection":[{"href":"https:\/\/tiketa.pt\/blog\/wp-json\/wp\/v2\/posts"}],"about":[{"href":"https:\/\/tiketa.pt\/blog\/wp-json\/wp\/v2\/types\/post"}],"author":[{"embeddable":true,"href":"https:\/\/tiketa.pt\/blog\/wp-json\/wp\/v2\/users\/5"}],"replies":[{"embeddable":true,"href":"https:\/\/tiketa.pt\/blog\/wp-json\/wp\/v2\/comments?post=454"}],"version-history":[{"count":6,"href":"https:\/\/tiketa.pt\/blog\/wp-json\/wp\/v2\/posts\/454\/revisions"}],"predecessor-version":[{"id":698,"href":"https:\/\/tiketa.pt\/blog\/wp-json\/wp\/v2\/posts\/454\/revisions\/698"}],"wp:featuredmedia":[{"embeddable":true,"href":"https:\/\/tiketa.pt\/blog\/wp-json\/wp\/v2\/media\/457"}],"wp:attachment":[{"href":"https:\/\/tiketa.pt\/blog\/wp-json\/wp\/v2\/media?parent=454"}],"wp:term":[{"taxonomy":"category","embeddable":true,"href":"https:\/\/tiketa.pt\/blog\/wp-json\/wp\/v2\/categories?post=454"},{"taxonomy":"post_tag","embeddable":true,"href":"https:\/\/tiketa.pt\/blog\/wp-json\/wp\/v2\/tags?post=454"}],"curies":[{"name":"wp","href":"https:\/\/api.w.org\/{rel}","templated":true}]}}