{"id":658,"date":"2025-07-22T13:56:47","date_gmt":"2025-07-22T13:56:47","guid":{"rendered":"https:\/\/tiketa.pt\/blog\/?p=658"},"modified":"2025-07-22T13:56:48","modified_gmt":"2025-07-22T13:56:48","slug":"etiquetas-com-nome-uma-ferramenta-de-organizacao","status":"publish","type":"post","link":"https:\/\/tiketa.pt\/blog\/etiquetas-com-nome-uma-ferramenta-de-organizacao\/","title":{"rendered":"Etiquetas Com Nome: Uma Ferramenta de Organiza\u00e7\u00e3o"},"content":{"rendered":"\n<p>As etiquetas com nome s\u00e3o um pequeno detalhe que traz organiza\u00e7\u00e3o, autonomia e tranquilidade a toda a fam\u00edlia. Neste artigo, explicamos como e porqu\u00ea usar etiquetas com nome em casa e fora dela, e damos-lhe dicas pr\u00e1ticas para tirar o m\u00e1ximo partido deste aliado (simples, mas poderoso!) da organiza\u00e7\u00e3o familiar.<\/p>\n\n\n\n<p>Quantas vezes j\u00e1 ouviu \u201cAlgu\u00e9m viu o casaco do Martim?\u201d, \u201cOnde est\u00e1 a garrafa da Matilde?\u201d, \u201cEste bibe \u00e9 de quem?\u201d<br>Se tem filhos pequenos, estas perguntas fazem parte da rotina. \u00c9 natural \u2014 com tantas crian\u00e7as em ambientes partilhados como creches, escolas ou ATL, \u00e9 f\u00e1cil que os pertences se troquem ou desapare\u00e7am.<\/p>\n\n\n\n<p><\/p>\n\n\n\n<h2 class=\"wp-block-heading\">O que s\u00e3o etiquetas com nome?<\/h2>\n\n\n\n<p>S\u00e3o etiquetas personaliz\u00e1veis com o nome que for pretendido, podendo incluir tamb\u00e9m apelido, n\u00famero de telefone ou at\u00e9 um pequeno \u00edcone para facilitar o reconhecimento visual. Est\u00e3o dispon\u00edveis em diferentes formatos e s\u00e3o pensadas para resistir ao uso di\u00e1rio, \u00e0s lavagens, ao calor e at\u00e9 ao micro-ondas.<\/p>\n\n\n\n<p>Mas a grande vantagem das etiquetas com nome n\u00e3o est\u00e1 apenas na durabilidade. Est\u00e1 no impacto que t\u00eam no dia a dia familiar.<\/p>\n\n\n\n<p><\/p>\n\n\n\n<h3 class=\"wp-block-heading\">Porque \u00e9 que as fam\u00edlias deviam usar etiquetas com nome?<\/h3>\n\n\n\n<h4 class=\"wp-block-heading\">Evitam trocas e perdas<\/h4>\n\n\n\n<p>Com dezenas de mochilas parecidas, lancheiras id\u00eanticas e batas iguais, \u00e9 f\u00e1cil que os pertences se misturem. Identificar tudo com etiquetas claras e vis\u00edveis \u00e9 a forma mais eficaz de garantir que tudo volta a casa \u2014 e, na maioria das vezes, volta mesmo!<\/p>\n\n\n\n<h4 class=\"wp-block-heading\">Promovem autonomia nas crian\u00e7as<\/h4>\n\n\n\n<p>Ao reconhecerem o seu nome, as crian\u00e7as aprendem desde cedo a cuidar dos seus objetos. Saber qual \u00e9 a sua garrafa, casaco ou saco da gin\u00e1stica \u00e9 um passo importante para a responsabilidade e organiza\u00e7\u00e3o pessoal.<\/p>\n\n\n\n<h4 class=\"wp-block-heading\">Ajudam pais, educadores e auxiliares<\/h4>\n\n\n\n<p>As etiquetas com nome s\u00e3o uma ajuda preciosa para quem trabalha com crian\u00e7as. Evitam d\u00favidas, agilizam rotinas e facilitam a gest\u00e3o de salas, mochilas e materiais.<\/p>\n\n\n\n<h4 class=\"wp-block-heading\">Reduzem o desperd\u00edcio<\/h4>\n\n\n\n<p>Ao reduzir o n\u00famero de objetos perdidos, est\u00e1 tamb\u00e9m a evitar compras desnecess\u00e1rias. \u00c9 uma forma simples de promover o consumo consciente em casa e ensinar este valor \u00e0s crian\u00e7as.<\/p>\n\n\n\n<h4 class=\"wp-block-heading\">S\u00e3o vers\u00e1teis e adapt\u00e1veis<\/h4>\n\n\n\n<p>H\u00e1 etiquetas para roupa, cal\u00e7ado, biber\u00f5es, brinquedos, toalhas, lancheiras, escovas de dentes, cadernos, livros, medicamentos \u2014 praticamente tudo o que precisa de identificar.<\/p>\n\n\n\n<p>E o melhor: podem ser adaptadas a diferentes idades, situa\u00e7\u00f5es e ambientes (da creche ao ATL, da escola ao campo de f\u00e9rias).<\/p>\n\n\n\n<p><\/p>\n\n\n\n<h2 class=\"wp-block-heading\">Quando utilizar etiquetas com nome?<\/h2>\n\n\n\n<ul class=\"wp-block-list\"><li><strong>Regresso \u00e0s aulas<\/strong>: um cl\u00e1ssico. Desde o pr\u00e9-escolar ao 1.\u00ba ciclo, etiquetas com nome s\u00e3o essenciais para marcar material escolar, mochilas, lancheiras e pe\u00e7as de roupa.<\/li><li><strong>Entrada na creche ou ber<\/strong><strong>\u00e7\u00e1rio<\/strong>: biber\u00f5es, fraldas, mantas, chupetas \u2014 tudo deve ser identificado para facilitar a rotina dos educadores e garantir a seguran\u00e7a dos beb\u00e9s.<\/li><li><strong>Campos de f<\/strong><strong>\u00e9rias e acampamentos<\/strong>: quando as crian\u00e7as est\u00e3o longe de casa, \u00e9 ainda mais importante garantir que tudo o que levam volta com elas. Os nossos <a href=\"https:\/\/tiketa.pt\/etiquetas-para-acampamentos\">Kits Para Acampamento<\/a> s\u00e3o perfeitos para isso.<\/li><li><strong>Atividades extracurriculares<\/strong>: gin\u00e1stica, futebol, m\u00fasica, nata\u00e7\u00e3o \u2014 cada atividade traz novos objetos para marcar. As etiquetas ajudam a manter tudo organizado, mesmo quando o dia tem v\u00e1rias paragens.<\/li><li><strong>Fins de semana com av<\/strong><strong>\u00f3s ou familiares<\/strong>: uma etiqueta pode evitar confus\u00f5es quando a crian\u00e7a vai passar uns dias fora e leva roupa, brinquedos ou artigos de higiene.<\/li><\/ul>\n\n\n\n<p><strong>Situa\u00e7\u00f5es de sa\u00fade espec\u00edficas<\/strong>: se tem alguma alergia alimentar, necessidade especial ou toma medica\u00e7\u00e3o, as <a href=\"https:\/\/tiketa.pt\/etiquetas-autocolantes-para-caixa-de-medicamentos.html\">etiquetas<\/a> podem alertar cuidadores e respons\u00e1veis, contribuindo para a seguran\u00e7a.<\/p>\n\n\n\n<p><\/p>\n\n\n\n<h3 class=\"wp-block-heading\">Como escolher as melhores etiquetas com nome?<\/h3>\n\n\n\n<p>Ao escolher etiquetas personalizadas, deve ter em conta:<\/p>\n\n\n\n<ul class=\"wp-block-list\"><li><strong>Tipo de aplica\u00e7\u00e3o<\/strong>: para identificar roupa sugerimos etiquetas termoaderentes, para objetos ou cal\u00e7ado prefira etiquetas autocolantes;<\/li><li><strong>Tamanho e visibilidade<\/strong>: quanto mais nova a crian\u00e7a, mais importante \u00e9 a visibilidade da etiqueta;<\/li><li><strong>Personaliza\u00e7\u00e3o<\/strong>: opte por designs que agradem \u00e0 crian\u00e7a \u2014 se ela gostar, \u00e9 mais prov\u00e1vel que valorize os seus pertences;<\/li><li><strong>Resist\u00eancia e durabilidade<\/strong>: verifique se as etiquetas resistem a lavagens intensas, calor e utiliza\u00e7\u00e3o di\u00e1ria.<\/li><\/ul>\n\n\n\n<p><\/p>\n\n\n\n<h3 class=\"wp-block-heading\">Kits de Etiquetas Personalizadas: a solu\u00e7\u00e3o mais pr\u00e1tica<\/h3>\n\n\n\n<p>Na Tiketa, temos kits completos para diferentes fases da vida escolar ou familiar. Estes conjuntos incluem etiquetas variadas (para roupa, objetos, cal\u00e7ado) que ajudam a garantir que tudo est\u00e1 identificado \u2014 sem esquecimentos nem confus\u00f5es de \u00faltima hora.<\/p>\n\n\n\n<p>Colocar etiquetas com nome pode parecer um gesto simples, mas os seus efeitos multiplicam-se: menos perdas, mais organiza\u00e7\u00e3o, mais autonomia para a crian\u00e7a e menos preocupa\u00e7\u00f5es para os adultos. \u00c9 uma pequena mudan\u00e7a que melhora o dia a dia familiar.<\/p>\n\n\n\n<p>Descubra todas as nossas op\u00e7\u00f5es de <a href=\"https:\/\/tiketa.pt\/\">etiquetas com nome<\/a>\u2014 e transforma a organiza\u00e7\u00e3o da casa com um toque personalizado, pr\u00e1tico e resistente.<\/p>\n","protected":false},"excerpt":{"rendered":"<p>As etiquetas com nome s\u00e3o um pequeno detalhe que traz organiza\u00e7\u00e3o, autonomia e tranquilidade a toda a fam\u00edlia. Neste artigo, explicamos como e porqu\u00ea usar etiquetas com nome em casa e fora dela, e damos-lhe dicas pr\u00e1ticas para tirar o m\u00e1ximo partido deste aliado (simples, mas poderoso!) da organiza\u00e7\u00e3o familiar. Quantas vezes j\u00e1 ouviu \u201cAlgu\u00e9m [&hellip;]<\/p>\n","protected":false},"author":7,"featured_media":659,"comment_status":"closed","ping_status":"closed","sticky":false,"template":"","format":"standard","meta":{"footnotes":""},"categories":[28],"tags":[81,73,88,90,86,75],"class_list":["post-658","post","type-post","status-publish","format-standard","has-post-thumbnail","hentry","category-blog","tag-design-de-etiquetas","tag-etiquetas","tag-etiquetas-autocolantes","tag-etiquetas-com-nome","tag-etiquetas-para-roupas","tag-etiquetas-personalizadas-com-o-nome"],"_links":{"self":[{"href":"https:\/\/tiketa.pt\/blog\/wp-json\/wp\/v2\/posts\/658","targetHints":{"allow":["GET"]}}],"collection":[{"href":"https:\/\/tiketa.pt\/blog\/wp-json\/wp\/v2\/posts"}],"about":[{"href":"https:\/\/tiketa.pt\/blog\/wp-json\/wp\/v2\/types\/post"}],"author":[{"embeddable":true,"href":"https:\/\/tiketa.pt\/blog\/wp-json\/wp\/v2\/users\/7"}],"replies":[{"embeddable":true,"href":"https:\/\/tiketa.pt\/blog\/wp-json\/wp\/v2\/comments?post=658"}],"version-history":[{"count":1,"href":"https:\/\/tiketa.pt\/blog\/wp-json\/wp\/v2\/posts\/658\/revisions"}],"predecessor-version":[{"id":660,"href":"https:\/\/tiketa.pt\/blog\/wp-json\/wp\/v2\/posts\/658\/revisions\/660"}],"wp:featuredmedia":[{"embeddable":true,"href":"https:\/\/tiketa.pt\/blog\/wp-json\/wp\/v2\/media\/659"}],"wp:attachment":[{"href":"https:\/\/tiketa.pt\/blog\/wp-json\/wp\/v2\/media?parent=658"}],"wp:term":[{"taxonomy":"category","embeddable":true,"href":"https:\/\/tiketa.pt\/blog\/wp-json\/wp\/v2\/categories?post=658"},{"taxonomy":"post_tag","embeddable":true,"href":"https:\/\/tiketa.pt\/blog\/wp-json\/wp\/v2\/tags?post=658"}],"curies":[{"name":"wp","href":"https:\/\/api.w.org\/{rel}","templated":true}]}}